{"id":24633,"date":"2013-10-15T00:08:09","date_gmt":"2013-10-14T22:08:09","guid":{"rendered":"http:\/\/literaturgefluester.wordpress.com\/?p=24633"},"modified":"2013-10-15T00:08:09","modified_gmt":"2013-10-14T22:08:09","slug":"auf-lesetour","status":"publish","type":"post","link":"https:\/\/literaturgefluester.akis.site\/?p=24633","title":{"rendered":"Auf Lesetour"},"content":{"rendered":"<p>Den <a href=\"http:\/\/literaturgefluester.wordpress.com\/2013\/08\/14\/long-list-thoughts\/\">deutschen Buchpreis<\/a> gibt es seit 2008, der Schweizer wurde 2008 erfunden, ist \u00d6sterreich gibt es seit 2010 den <a href=\"http:\/\/literaturgefluester.wordpress.com\/2013\/08\/27\/alpha-shortlist\/\">&#8220;Alpha&#8221;<\/a> einen sogenannten Newcomer-Preis, der mit den beiden anderen wahrscheinlich nicht zu vergleichen ist und f\u00fcr den ich heuer eine Einladung bekommen soll und seit <a href=\"http:\/\/literaturgefluester.wordpress.com\/2013\/08\/27\/alpha-shortlist\/\">vorigen Jahr<\/a> h\u00e4lt die Lesetour der Schweizer Literaturpreis Nominierten auch im Wiener Literaturhaus an. Eine Chance f\u00fcr mich von der Schweizer Literatur etwas mitzubekommen, denn, da\u00df die \u00f6sterreichische, die deutsche und Schweizer Literatur trotz der gleichen Sprache sehr verschieden ist, wurde schon \u00f6fter festgestellt.<br \/>Sonst d\u00fcrfte sich der Schweizer Literaturpreis sehr an sein deutsches Vorbild orientieren, er richtet sich an alle deutschsprachigen B\u00fccher, die von Schweizern geschrieben wurden. Es gibt eine Shortlist auf der heuer Ralph Dutli, Roman Graf, Jonas L\u00fcscher, Jens Steiner und Henriette Vasarhelyi stehen, merke, drei der Titel kennen wir von den Longpreisnominierungen des dBP und die Nominierten gehen auf Lesereise, die am Wochenende in Frankfurt begonnen hat, gestern waren sie in Hamburg, am Montag in Wien, Berlin, D\u00fcsseldorf, Bern, Z\u00fcrich und Basel wird noch folgen und am 27. Oktober findet dann die Preisverleihung in Basel statt.<br \/>Dazu gibt es auch eine Einladung, die im Literaturhaus auflag, ich k\u00f6nnte also, wenn ich wollte, mich dazu anmelden und nach Basel fahren oder fliegen, was ich nicht vorhabe.<\/p>\n<p>Ins Wiener Literaturhaus bin ich aber schon voriges Jahr gegangen und habe interessante B\u00fccher kennengelernt und heuer wieder und diesmal gab es au\u00dfer den Getr\u00e4nken, sogar ein Buffet, K\u00e4se, Weintrauben, N\u00fc\u00dfe, Brot und Wein und etwas Obst und die Veranstaltung war zwar etwas besser, als im Vorjahr, aber nicht wirklich gut besucht.<br \/>Zuerst habe ich den Waldviertler Lehrer getroffen, der die anwesenden Autoren, Dutli und Vasarhelyi waren nicht da, um ein Autogramm gebeten hat. Dann hat Robert Huez er\u00f6ffnet, danach der Schweizer Kulturrat, den ich, glaube ich, schon von der &#8220;Alten Schmiede&#8221; kenne, die Schweizer Literatur sehr gelobt und der Vorarlberger Stefan Gm\u00fcndner vom &#8220;Standard&#8221; hat die Autoren sehr launig in scharf pointierten Worten vorgestellt.<br \/>Roman Graf, der 2010, glaube ich den &#8220;Bremer Literaturpreis&#8221; bekommen hat, begann und sein Roman &#8220;Niedergang&#8221; war f\u00fcr mich auch der interessanteste. Ein Paar, Andre und Louise, wollen eine Bergtour machen, das hei\u00dft, der Mann, ein Schweizer, in Berlin lebend, wie sein Autor, will das, Louise aus Mecklenburg Vorpommern will das nicht so wirklich. So sabortiert sie den Aufstieg und verl\u00e4\u00dft Andre schlie\u00dflich kurz vor dem Gipfel.<br \/>Ein interessantes Buch, das ich gerne lesen w\u00fcrde, wenn es einmal zu mir kommt. Von den beiden anderen Jonas L\u00fcschers &#8220;Fr\u00fchling der Barbaren&#8221; und dem Sohn eines Schweizers und einer D\u00e4nin Jens Steiner, der der einzige der drei ist, der noch in der Schweiz lebt, Jonas L\u00fcscher lebt in M\u00fcnchen und ist interessanterweise, derjenige, der das reinste Deutsch sprach &#8220;Carambolage&#8221;, habe ich ja schon die <a href=\"http:\/\/literaturgefluester.wordpress.com\/2013\/08\/25\/die-longlist-leseproben\/\">Leseproben<\/a> gelesen.<br \/>Danach gab es eine Diskussion, wo Stefan Gm\u00fcndner fragte, ob sich die Schweizer fremd f\u00fchlen w\u00fcrden und sie nach ihren literarischen Vorbildern erkundigte. Da gibt es ja <a href=\"http:\/\/literaturgefluester.wordpress.com\/2012\/05\/16\/montauk\/\">Max Frisch<\/a> und <a href=\"http:\/\/literaturgefluester.wordpress.com\/2012\/06\/18\/der-verdacht\/\">D\u00fcrenmatt<\/a> und von den j\u00fcngeren Autoren <a href=\"http:\/\/literaturgefluester.wordpress.com\/2012\/05\/20\/wir-fliegen\/\">Peter Stamm<\/a> und danach, wie schon erw\u00e4hnt, ein Buffet, das man wieder an den wei\u00dfgedeckten Stehtischen einnehmen konnte.<br \/>An meinem Tisch standen der Herr, den ich manchmal in der Wien-Bibliothek treffe, eine &#8220;Alte Schmiede- Stammbesucherin&#8221;, die sich als franz\u00f6sisch sprechende Schweizerin entpuppte. Eine andere Schweizerin und ein Student aus Prag oder \u00d6lm\u00fctz, der eine Diplomarbeit \u00fcber Paulus Hochgatterer schreibt, mit denen ich mich sehr angeregt unterhielt.<br \/>Bei den B\u00fccherschr\u00e4nken war ich auch und habe wieder ein paar sehr interessante B\u00fccher mitgebracht, die ich nun noch lesen mu\u00df.<\/p>\n\n\n<p><\/p>\n","protected":false},"excerpt":{"rendered":"<p>Den deutschen Buchpreis gibt es seit 2008, der Schweizer wurde 2008 erfunden, ist \u00d6sterreich gibt es seit 2010 den &#8220;Alpha&#8221; einen sogenannten Newcomer-Preis, der mit den beiden anderen wahrscheinlich nicht zu vergleichen ist und f\u00fcr den ich heuer eine Einladung &hellip; <a href=\"https:\/\/literaturgefluester.akis.site\/?p=24633\">Continue reading <span class=\"meta-nav\">&rarr;<\/span><\/a><\/p>\n","protected":false},"author":2,"featured_media":0,"comment_status":"open","ping_status":"open","sticky":false,"template":"","format":"standard","meta":{"footnotes":""},"categories":[41],"tags":[],"class_list":["post-24633","post","type-post","status-publish","format-standard","hentry","category-uncategorized"],"_links":{"self":[{"href":"https:\/\/literaturgefluester.akis.site\/index.php?rest_route=\/wp\/v2\/posts\/24633","targetHints":{"allow":["GET"]}}],"collection":[{"href":"https:\/\/literaturgefluester.akis.site\/index.php?rest_route=\/wp\/v2\/posts"}],"about":[{"href":"https:\/\/literaturgefluester.akis.site\/index.php?rest_route=\/wp\/v2\/types\/post"}],"author":[{"embeddable":true,"href":"https:\/\/literaturgefluester.akis.site\/index.php?rest_route=\/wp\/v2\/users\/2"}],"replies":[{"embeddable":true,"href":"https:\/\/literaturgefluester.akis.site\/index.php?rest_route=%2Fwp%2Fv2%2Fcomments&post=24633"}],"version-history":[{"count":0,"href":"https:\/\/literaturgefluester.akis.site\/index.php?rest_route=\/wp\/v2\/posts\/24633\/revisions"}],"wp:attachment":[{"href":"https:\/\/literaturgefluester.akis.site\/index.php?rest_route=%2Fwp%2Fv2%2Fmedia&parent=24633"}],"wp:term":[{"taxonomy":"category","embeddable":true,"href":"https:\/\/literaturgefluester.akis.site\/index.php?rest_route=%2Fwp%2Fv2%2Fcategories&post=24633"},{"taxonomy":"post_tag","embeddable":true,"href":"https:\/\/literaturgefluester.akis.site\/index.php?rest_route=%2Fwp%2Fv2%2Ftags&post=24633"}],"curies":[{"name":"wp","href":"https:\/\/api.w.org\/{rel}","templated":true}]}}