{"id":23456,"date":"2013-08-18T00:48:18","date_gmt":"2013-08-17T22:48:18","guid":{"rendered":"http:\/\/literaturgefluester.wordpress.com\/?p=23456"},"modified":"2013-08-18T00:48:18","modified_gmt":"2013-08-17T22:48:18","slug":"leselistenplauderei","status":"publish","type":"post","link":"https:\/\/literaturgefluester.akis.site\/?p=23456","title":{"rendered":"Leselistenplauderei"},"content":{"rendered":"<p>Langsam, langsam geht der Sommer mit dieser wirklich wundersch\u00f6nen <a href=\"http:\/\/literaturgefluester.wordpress.com\/2013\/06\/30\/sommerfrischen-stadtschreibwerkstadt\/\">Stadtschreiber-Sommerfrische<\/a> zu Ende, zwei Wochen sind es noch und auch meine <a href=\"http:\/\/literaturgefluester.wordpress.com\/2013\/07\/13\/sommerbucher\/\">Sommerb\u00fccherliste<\/a> ist bald aufgelesen, so da\u00df ich mich frage, was ich die restlichen zwei Wochen lesen soll?<br \/>\nDa lockt es ja auch ein bi\u00dfchen sich diese <a href=\"http:\/\/literaturgefluester.wordpress.com\/2013\/08\/14\/long-list-thoughts\/\">zwanzig Longlist-B\u00fccher<\/a> schicken zu lassen und dar\u00fcber zu schreiben und zu spekulieren.<br \/>\nDas w\u00e4re auch was Neues f\u00fcr den Blog. Wenn ich nur nicht meine <a href=\"http:\/\/literaturgefluester.wordpress.com\/leseliste\/\">Leseliste<\/a> h\u00e4tte, die ich damit durcheinanderbr\u00e4chte und die so elendslang ist, da\u00df die Pressedamen, die ich um ein Rezensionsexemplar anfrage, schon mal schrieben &#8220;Sie haben doch schon soviel!&#8221;<br \/>\nNun ja, das ist richtig und nicht wirklich zu bestreiten, allerdings immer noch nur einen ganz winzig kleiner Bruchteil, von dem was da immer so neu erscheint und schon vorhanden ist und wenn ich mit den M\u00e4dels von Write about something dar\u00fcber diskutiere, <a href=\"http:\/\/literaturgefluester.wordpress.com\/2013\/02\/07\/lesegewohnheiten\/\">wieviel B\u00fccher<\/a> man lesen kann oder soll und sie sagen hunderf\u00fcnfzig B\u00fccher pro Jahr sind viel zu viel, wei\u00df ich, da\u00df ich das eigentlich sollte, wenn ich meine B\u00fccherlistenvors\u00e4tze schaffen will und das auch locker kann und dann am Abend in die &#8220;Alte Schmiede&#8221; zur Buchpr\u00e4sentation der damaligen <a href=\"http:\/\/literaturgefluester.wordpress.com\/2013\/02\/05\/deutsche-buchpreistragerin-in-wien\/\">Buchpreistr\u00e4gerin Ursula Krechel<\/a> gehe, neben Gabriele Mateja sitze, sagt die prompt zu mir &#8220;Was &#8220;Landsgericht&#8221; haben Sie noch nicht gelesen?&#8221;<br \/>\nIch habe immer gern und viel gelesen, obwohl oder weil ich aus einem sozialistischen Arbeiterhaushalt komme, der Vater Referent der B\u00fcchergilde Gutenberg und mir zu Weihnachten, die &#8220;Kinderfreunde&#8221; und meine Eltern auch immer B\u00fccher unterm Christbaum legten.<br \/>\nAls Studentin habe ich dann auch sehr viel gekauft, die ganzen fr\u00fchen Residenz-B\u00fccher der Jutta Schutting, Barbara Frischmuth, Peter Henisch und und und&#8230;<br \/>\nDann aber damit aufgeh\u00f6rt, weil ich ja auch sehr sparsam bin und die Verlage, das, was ich so schreibe, auch nicht wollen.<br \/>\nUnd dann gabs ja auch bald Gelegenheiten, wie B\u00fccherkisten zur freien Entnahmen auf dem Volksstimmefest, bei meiner leider inzwischen verstorbenen <a href=\"http:\/\/literaturgefluester.wordpress.com\/2012\/12\/08\/achter-dezember\/\" title=\"Achter\u00a0Dezember\">Schulfreundin Edith Brocza<\/a>, die B\u00fcchert\u00fcrme bei &#8220;Rund um die Burg&#8221; und dann die B\u00fccherschr\u00e4nke, die es ja auch schon seit dreieinhalb Jahren gibt, so da\u00df mein SUB, den ich schon vor den offenen B\u00fccherschr\u00e4nken hatte, wuchs und wuchs.<br \/>\nDie Leseliste ist dann durch eine B\u00fccherchallenge entstanden, auf die ich im World Wide Net gesto\u00dfen bin. Da gab ja einmal eine, die <a href=\"http:\/\/literaturgefluester.wordpress.com\/2011\/02\/16\/hundert-bucher\/\">&#8220;Hundert B\u00fccher&#8221;<\/a> lautete, das war in der Zeit, wo ich gerade mein <a href=\"http:\/\/literaturgefluester.wordpress.com\/2011\/01\/10\/das-neue-bucherregal\/\">neues Regal<\/a> in der Krongasse gekauft hatte, vorher habe ich eigentlich eher spontan gelesen, bzw. vorhandene Lesepl\u00e4ne immer auch sehr bereitwillig umorientiert.<br \/>\nWie ich mit dem Bloggen begonnen habe, habe ich etwa f\u00fcnfzig B\u00fccher im Jahr gelesen und gedacht, das ist eine sch\u00f6ne Zahl, pro Woche eines, die Elke Heidenreich hatte ja auch einmal eine Sendung wo sie eine Buch pro Woche empfiehlt.<br \/>\nIm Februar 2011 begann ich dann mit meiner &#8220;Hundert-B\u00fccherliste&#8221;, habe sie \u00fcberboten, aber ab dann eigentlich immer sch\u00f6n der Reihe nach hinuntergelesen und nur Rezensionsexemplare, die ich schon damals hatte, weil ich gelegentlich anfrage, bzw. angeboten bekomme, vorgezogen.<br \/>\nDie B\u00fccherliste habe ich dann als eine st\u00e4ndige \u00fcbernommen, sie ist angewachsen und angewachsen. So da\u00df ich bald den Plan hatte f\u00fcnfzig, sechzig schon vorhandene B\u00fccher hinaufzuschreiben und mir dann immer eines pro Woche aus dem Schrank zu holen, zu bekommen oder aus einer Abverkaufskiste zu ziehen. Da es in den Schr\u00e4nken zum Gl\u00fcck sehr viel und wahre Sch\u00e4tze gibt, sind meine Vorausprognosen sehr bald angewachsen und im Fr\u00fchling habe ich auch noch einen Rappel bekommen, alles<a href=\"http:\/\/literaturgefluester.wordpress.com\/2013\/05\/02\/aufgeraumt-und-angeschrieben\/\"> durchgesehen<\/a> und alles, was noch nicht gelesen ist, auf die Liste zu schreiben, so da\u00df ich jetzt einen Vorrat auf zehn Jahre habe.<br \/>\nWas sehr sch\u00f6n ist und ich mich auch sehr genau an die Reihenfolge halte, aber zur Folge hat, da\u00df ich mich jetzt nicht auf die Longlist st\u00fcrzen kann, denn f\u00fcnfzig B\u00fccher sollte ich in diesem Jahr noch lesen, damit nichts von 2013 \u00fcberbleibt und dann habe ich ja zwei Haushalte, das hei\u00dft eine Wiener- und eine Harlanderleseliste und das hat bis jetzt auch immer sch\u00f6n geklappt.<br \/>\nDenn im Harlander Wohnzimmer gibt es ja ein riesiges Regal und darauf sind ja auch die B\u00fcchergilde- Gutenberg-B\u00fccher meiner Eltern, wahre Schmankerl der Vergangenheit die<a href=\"http:\/\/literaturgefluester.wordpress.com\/2012\/07\/25\/radetzkymarsch\/\" title=\"Radetzkymarsch\"> Roths<\/a>, <a href=\"http:\/\/literaturgefluester.wordpress.com\/2013\/07\/12\/kristin-lavranstochter\/\" title=\"Kristin\u00a0Lavranstochter\">Undsets<\/a>, Brunngrabers, die ich endlich aufzulesen begonnen habe. Aber jetzt bin ich noch zwei Wochen am Land, die Harlander-Leseliste ist bis auf die Weihnachtsb\u00fccher zu Ende, was ja, sp\u00e4testens seit ich die Telefonzelle bei der &#8220;Seedose&#8221; entdeckt habe, kein Problem ist, mir da was zu holen, aber dann schaffe ich die f\u00fcnfzig Wiener-B\u00fccher nicht mehr und so habe ich schon vor ein paar Wochen, was ich eigentlich nicht gern mache, mir vom Wiener Sto\u00df ein <a href=\"http:\/\/literaturgefluester.wordpress.com\/2013\/08\/17\/der-seelenbrecher\/\" title=\"Der\u00a0Seelenbrecher\">paar<\/a> <a href=\"http:\/\/literaturgefluester.wordpress.com\/2013\/08\/16\/der-augensammler\/\" title=\"Der\u00a0Augensammler\">spannende<\/a> <a href=\"http:\/\/literaturgefluester.wordpress.com\/2013\/08\/10\/die-welt-der-lisbeth-salander\/\" title=\"Die Welt der Lisbeth\u00a0Salander\">Krimis<\/a> und auch ein <a href=\"http:\/\/literaturgefluester.wordpress.com\/2013\/08\/01\/kein-kuss-unter-dieser-nummer\/\" title=\"Kein Kuss unter dieser\u00a0Nummer\">ChitLit<\/a>, sowie die <a href=\"http:\/\/literaturgefluester.wordpress.com\/2013\/07\/26\/sommertochter\/\" title=\"Sommert\u00f6chter\">&#8220;Sommert\u00f6chter&#8221;<\/a> und die <a href=\"http:\/\/literaturgefluester.wordpress.com\/2013\/07\/14\/der-weg-des-kunstlers\/\" title=\"Der Weg des\u00a0K\u00fcnstlers\">Julia Cameron<\/a>, sowie <a href=\"http:\/\/literaturgefluester.wordpress.com\/2013\/08\/04\/fall-in-die-nacht\/\" title=\"Fall in die\u00a0Nacht\">Melamars &#8220;Fall in die Nacht&#8221;<\/a> f\u00fcr den Berg, als Sommerlekt\u00fcre ausgesucht und mitgenommen und jetzt \u00fcberlege ich, wenn ich mit &#8220;Garou&#8221; was ich noch lesen mu\u00df,  fertig bin, ob ich mir n\u00e4chste Woche, die drei Bank Austria-Literaris-B\u00fccher, die demn\u00e4chst an die Reihe kommen, mitnehmen soll oder doch das lesen, was schon in Harland auf mich wartet?<br \/>\nDa gibt es auch noch die Idee in der letzten Woche mit dem Rad zur &#8220;Seedose&#8221; zu fahren, schwupp die wupp ein Buch herauszunehmen und damit von Bankerl zu Bankerl und jeweils ein Kapitel lesen.<br \/>\nUnd der zweite Teil meiner Leseliste, das, was jetzt kommt, habe ich ja bis Ende Juni, die ersten sechzig eher \u00e4lteren B\u00fccher, brav hinuntergelesen, birgt wirklich wahre Schmankerln, denn ich habe ja 2013 sehr sch\u00f6ne B\u00fccher gefunden, bzw. sie mir trotz meiner <a href=\"http:\/\/literaturgefluester.wordpress.com\/2013\/03\/28\/bucherbeschrankung\/\" title=\"B\u00fccherbeschr\u00e4nkung\">Vors\u00e4tze<\/a> aus den Abverkaufskisten gezogen.<br \/>\nSo warten in den letzten vier Monaten des Jahres sehr viel aktuelle \u00f6sterreichische Gegenwartsliteratur auf mich, die ich ja sehr gerne lese. Mal ein kleiner Blick darauf.<br \/>\nDa kommen ja jetzt bald, was sicher auch sehr interessant sind &#8220;Kafkas Tageb\u00fccher&#8221;, weil ich glaube, da\u00df ich mich, damit am besten, dem gro\u00dfen Sprachk\u00fcnstler<a href=\"http:\/\/literaturgefluester.wordpress.com\/2013\/05\/23\/kafka-mit-sekt-und-torte\/\"> ann\u00e4hern<\/a> kann. Dann Franz Michael Felders &#8220;Aus meinem Leben&#8221;, da haben ja unsere Literaturexperten festgestellt, da\u00df der ein gr\u00f6\u00dferer Dichter als Rossegger und Stefan Zweig ist, ich glaube ja nicht, da\u00df die Genannten so schlecht sind, aber vielleicht mache ich eine Entdeckung.<br \/>\nWolfgang Herles &#8220;Dirgentin&#8221; und Steven Uhlys &#8220;Adams Fuge&#8221;, gabs im Winter bei &#8220;Morawa&#8221; oder &#8220;Frick&#8221; im Abverkauf. Das Buch des gro\u00dfen Kritikers ist sicher interessant, weil seine Kollegen ja schon schrieen &#8220;\u00c4tsch, nicht so gut!&#8221; und von &#8220;Adams Fuge&#8221; habe ich beim <a href=\"http:\/\/literaturgefluester.wordpress.com\/2012\/10\/14\/von-der-buchmesse\/\">Frankfurt Surfen<\/a> einmal was geh\u00f6rt. So ist es mir auch mit <a href=\"http:\/\/literaturgefluester.wordpress.com\/2008\/10\/19\/wieder-zuruck-aus-frankfurt\/\">Chirbes &#8220;Krematorium&#8221;<\/a> und <a href=\"http:\/\/literaturgefluester.wordpress.com\/2012\/10\/14\/von-der-buchmesse\/\">Schischkins &#8220;Venushaar&#8221;<\/a> gegangen, auf den Chirbes, den ich im &#8220;Wortschatz&#8221; gefunden habe, bin ich glaube ich 2008 durch das Frankfurter blaue Sofa gekommen.<br \/>\nDer Schichkin sitzt auch immer darauf und dann finde ich die B\u00fccher, nehme sie mir und freue mich auf das Lesen, denn ich bin ja sehr interessiert und habe einen breiten B\u00fcchergeschmack.<br \/>\n&#8220;Annuschka Blume&#8221; gabs um zwei Euro beim Morawa, die Milena Michiko Flasar im B\u00fccherschrank, Anita <a>C.Schaubs &#8220;Krause Haare&#8221;<\/a>, hatte der &#8220;Frick, um einen Euro mit ein paar anderen sch\u00f6nen Arovell-B\u00fcchern anzubieten.<br \/>\nDann habe ich mir im M\u00e4rz vom Alfred den neuen K\u00f6hlmeier und Robert Schindels &#8220;Der Kalte&#8221; schenken lassen, beides Fr\u00fchlingsbestseller. Die Doris Knecht hat mir der Alfred auch noch dazu gebracht. Und zwei B\u00fccher von der Andrea Grill gibt es auch zu Lesen. Eines habe ich gefunden, eines um zwei oder drei Euro beim &#8220;Frick&#8221; gekauft.<br \/>\n&#8220;Die Liebe zur Zeit des Mahlst\u00e4dter Kindes&#8221; und  Thomas Sautners &#8220;Fremdes Land&#8221; gabs im Schrank und dann bin ich ja Anfang Juli noch einmal \u00fcber einen &#8220;Morawa-Flohmarkt&#8221; gestolpert, wo es unter anderem, sehr sch\u00f6ne &#8220;Haymon-B\u00fccher&#8221;, wie den &#8220;Herrn Faustini&#8221; und von Christoph W. Bauer gab, auf die ich mich schon freue.<br \/>\nAlso wird es sicher ein sehr sch\u00f6nes Herbstlesen werden. Auf ein Residenz-Buch kann ich noch warten und die neue Eva Rossmann soll ich auch bekommen. So da\u00df ich, wenn wir dann in November eine Woche nach Ungarn fahren, eine dicke B\u00fcchertasche mitnehmen und einen Lesemarathon machen kann, denn einige der Herbstb\u00fccher wie der Schindel, der K\u00f6hlmeier, der Chirbes, der Schischkin, etc sind ja sehr dick.<br \/>\nIm September gibts wieder eine &#8220;Eine Stadt-eine Buch Aktion&#8221; mit T.C. Boyes &#8220;Amerika&#8221;, das kommt auch  auf meine Leseliste und wenn sichs ausgeht auch noch die Geburtstagsb\u00fccher.<br \/>\nObwohl ich mir diesmal gar nicht so viel w\u00fcnsche, aber nat\u00fcrlich was im Kopf habe, falls mich jemand fragt. Der Jan Kossdorf mit &#8220;Kauft Leute&#8221;, w\u00e4r zum Beispiel so eine Option. Ansonsten habe ich gedacht, da\u00df ich, wenn ich heuer die Longlist-Leseproben-Anthologie bekomme, im Vorjahr ist sie trotz Anfrage nicht gekommen, diese wenn m\u00f6glich bis zum vierzehnten September oder bis zur Bekanntgabe des Gewinners lesen und meine Prognosen stellen k\u00f6nnte. Leseproben gibts aber auch im Netz und da habe ich mich vorhin durchgew\u00fchlt und beim Reinhard Jirgl die Entdeckung gemacht, da\u00df das Buch aus lauter Anmerkungen und Fu\u00dfnoten bestehen d\u00fcrfte, also schwer zu Lesen ist und ich dachte schon, da h\u00e4tten wir einen Shortlist-Kanditaten, weil ja B\u00fcchner-Preistr\u00e4ger.<br \/>\nBisher habe ich die Anthologien ja nicht wirklich gelesen, obwohl ich die von 2009,2010 und 2011 habe und den &#8220;Jung und Jung&#8221; habe ich inzwischen auch gefragt, ob er mir nicht Nellja Veremejs &#8220;Berlin liegt im Osten&#8221; schicken k\u00f6nnte?<br \/>\nDas m\u00fc\u00dfte reichen, um informiert zu sein und ich finde meinen B\u00fcchermix aus Krimis, da gibts ja noch den angeblichen Margareten-Lokalf\u00fchrer von der Edith Kneifl &#8220;Sch\u00f6n tot&#8221;, ChickLits, experimenteller und alter bzw. neuer Literatur auch sehr spannend.<br \/>\nFreue mich auf den Herbst und neue Pl\u00e4ne, jetzt endlich den ultimativen Roman \u00fcber eine B\u00fcchersammlerin zu schreiben, der sitzt, habe ich nat\u00fcrlich auch&#8230;<br \/>\nUnd bevor ich es vergesse, bei den ausrangierten B\u00fccher, die die Anna dem Alfred gegeben hat, war auch der James Joyce dabei. Aber wann werde ich ihn lesen? Vielleicht geht es sich zwischen Weihnachten und Neujahr aus, wenn die 2013 Liste gelesen ist, denn bis 2025 ist ja alles vorgeplant.<\/p>\n","protected":false},"excerpt":{"rendered":"<p>Langsam, langsam geht der Sommer mit dieser wirklich wundersch\u00f6nen Stadtschreiber-Sommerfrische zu Ende, zwei Wochen sind es noch und auch meine Sommerb\u00fccherliste ist bald aufgelesen, so da\u00df ich mich frage, was ich die restlichen zwei Wochen lesen soll? Da lockt es &hellip; <a href=\"https:\/\/literaturgefluester.akis.site\/?p=23456\">Continue reading <span class=\"meta-nav\">&rarr;<\/span><\/a><\/p>\n","protected":false},"author":2,"featured_media":0,"comment_status":"open","ping_status":"open","sticky":false,"template":"","format":"standard","meta":{"footnotes":""},"categories":[41],"tags":[],"class_list":["post-23456","post","type-post","status-publish","format-standard","hentry","category-uncategorized"],"_links":{"self":[{"href":"https:\/\/literaturgefluester.akis.site\/index.php?rest_route=\/wp\/v2\/posts\/23456","targetHints":{"allow":["GET"]}}],"collection":[{"href":"https:\/\/literaturgefluester.akis.site\/index.php?rest_route=\/wp\/v2\/posts"}],"about":[{"href":"https:\/\/literaturgefluester.akis.site\/index.php?rest_route=\/wp\/v2\/types\/post"}],"author":[{"embeddable":true,"href":"https:\/\/literaturgefluester.akis.site\/index.php?rest_route=\/wp\/v2\/users\/2"}],"replies":[{"embeddable":true,"href":"https:\/\/literaturgefluester.akis.site\/index.php?rest_route=%2Fwp%2Fv2%2Fcomments&post=23456"}],"version-history":[{"count":0,"href":"https:\/\/literaturgefluester.akis.site\/index.php?rest_route=\/wp\/v2\/posts\/23456\/revisions"}],"wp:attachment":[{"href":"https:\/\/literaturgefluester.akis.site\/index.php?rest_route=%2Fwp%2Fv2%2Fmedia&parent=23456"}],"wp:term":[{"taxonomy":"category","embeddable":true,"href":"https:\/\/literaturgefluester.akis.site\/index.php?rest_route=%2Fwp%2Fv2%2Fcategories&post=23456"},{"taxonomy":"post_tag","embeddable":true,"href":"https:\/\/literaturgefluester.akis.site\/index.php?rest_route=%2Fwp%2Fv2%2Ftags&post=23456"}],"curies":[{"name":"wp","href":"https:\/\/api.w.org\/{rel}","templated":true}]}}