{"id":23388,"date":"2013-08-14T12:53:34","date_gmt":"2013-08-14T10:53:34","guid":{"rendered":"http:\/\/literaturgefluester.wordpress.com\/?p=23388"},"modified":"2013-08-14T12:53:34","modified_gmt":"2013-08-14T10:53:34","slug":"long-list-thoughts","status":"publish","type":"post","link":"https:\/\/literaturgefluester.akis.site\/?p=23388","title":{"rendered":"Long- List-Thoughts"},"content":{"rendered":"<p>Da ich erst um zwanzig nach elf von meiner Radtour nach Traisen zur\u00fcckgekommen bin und noch schnell gegessen habe, gibts erst jetzt meine Long-List-Thoughts und ich mu\u00df sagen, wenn man sich an die <a href=\"http:\/\/literaturgefluester.wordpress.com\/2013\/08\/11\/bucherberge\/\">&#8220;Wilhelm Raabe Literatur Preis Nominierten&#8221;<\/a> und an die W\u00fcnsche, die die <a href=\"https:\/\/www.facebook.com\/DeutscherBuchpreis\">dBp-Facbookleser<\/a> hatten, hielt, las es sich wie das &#8220;Who is Who&#8221;.<br \/>\nMirko Bonne &#8220;Nie mehr Nacht&#8221;, ist ein &#8220;Wilhelm Raabe Nominierter&#8221; und stand 2009, glaube ich, schon mal auf der langen Liste. Ein Buch von ihm habe ich im Schrank gefunden und mu\u00df es noch lesen. Ralph Dutli &#8220;Soutines letzte Fahrt&#8221;, glaubte ich zu kennen, habe aber, glaube ich schon in <a href=\"http:\/\/literaturgefluester.wordpress.com\/2013\/03\/17\/leipzig-im-zimmer\/\" title=\"Leipzig im\u00a0Zimmer\">Leipzig am blauen Sofa <\/a>davon geh\u00f6rt. Thomas Glavinic &#8220;Das gr\u00f6\u00dferes Wunder&#8221;, eh schon wissen. &#8220;Wenn der nicht, auf die Liste kommt, dann&#8230;&#8221; steht auf der Facebookseite. Er kam nat\u00fcrlich und stand schon mit der <a href=\"http:\/\/literaturgefluester.wordpress.com\/2011\/05\/18\/das-leben-der-wunsche\/\" title=\"Das Leben der\u00a0W\u00fcnsche\">&#8220;Das Leben der W\u00fcnsche&#8221;<\/a> und &#8220;Das bin doch ich&#8221; darauf.<br \/>\nNorbert Gestrein &#8220;Eine Ahnung von Anfang&#8221;, ich gebe zu, den habe ich auf meiner Liste vergessen, dachte aber, <a href=\"http:\/\/literaturgefluester.wordpress.com\/2013\/08\/11\/bucherberge\/\">er w\u00e4re darauf, weil er ja auch bei den \u00d6-T\u00f6nen liest<\/a>. &#8220;Die englischen Jahre&#8221; habe ich vor kurzen von ihm gefunden.<br \/>\nReinhard Jirgl &#8220;Nichts von euch auf Erden&#8221;, da hat, glaube ich, auch einer geschrieben, der mu\u00df darauf. Daniel Kehlmann &#8220;F&#8221;, habe ich auf meine Liste gesetzt, weil ich ihn beim Googlen in letzter Zeit so oft erwischte und obwohl ich ja einmal schrieb &#8220;Die Vermessung der Welt&#8221; interessiert mich nicht, steht das Buch inzwischen auf meiner Leseliste.<br \/>\nJudith Kuckart &#8220;W\u00fcnsche&#8221; wurde von Buzzaldrin besprochen.<br \/>\nOlaf K\u00fchn &#8220;Der letzte Sohn&#8221;, da habe ich wieder keine Ahnung und mu\u00df erst googlen oder Leseproben lesen, die ich ja wieder bestellt habe, da das <a href=\"http:\/\/literaturgefluester.wordpress.com\/2009\/08\/25\/lesebuch-zur-longlist-deutschen-buchpreis-09\/\">Buch  in Wien und in St. P\u00f6lten glaube ich, nicht zu bekommen<\/a> ist.<br \/>\nDagmar Leupold &#8220;Unter der Hand&#8221;, Jung und Jung, das ist, glaube ich, ein Geheimmtip und von ihr gibts auch was auf meiner Leseliste, was es mal bei &#8220;Buchlandung um einen Euro gab.<br \/>\nJonas L\u00fcscher &#8220;Fr\u00fchling der Barbaren&#8221;, wieder keine Ahnung, obwohl schon bei Buzzaldrin besprochen.<br \/>\nClemens Meyer &#8220;Im Stein&#8221; steht auf meiner Liste und ist f\u00fcr &#8220;Wilhelm Raabe&#8221; nominiert <a href=\"http:\/\/literaturgefluester.wordpress.com\/2011\/10\/16\/die-nacht-der-lichter\/\" title=\"Die Nacht, die\u00a0Lichter\">&#8220;Die Nacht, die Lichter&#8221;<\/a> habe ich gelesen. Schlampert wie ich bin, &#8220;der&#8221; geschrieben und der Autor hat sich bei mir beschwert.<br \/>\n<a href=\"http:\/\/literaturgefluester.wordpress.com\/2013\/07\/07\/letztes-bachmannpreiskolloquium\/\" title=\"Letztes\u00a0Bachmannpreiskolloquium?\">Joachim Meyerhoff <\/a><a href=\"http:\/\/literaturgefluester.wordpress.com\/2013\/06\/15\/rund-um-die-burg-2\/\">&#8220;Wann wird es endlich wieder so&#8230;&#8221;<\/a>, da bin ich, glaube ich, erst heute morgen drauf gekommen, da\u00df das Buch ja auch auf die Liste kommen k\u00f6nnte, ist es  ja lustig, obwohl die Psychiatrie an sich ein ernsteres Thema ist und der Autor, glaube ich, irgendwie mit Thomas Glavinic zu vergleichen.<br \/>\nTerezia Mora &#8220;Das Ungeheuer&#8221; ist f\u00fcr &#8220;Wilhelm Raabe&#8221; nominiert, ebenso Marion Poschmann &#8220;Die Sonnenposition&#8221;, die ich nicht kenne.<br \/>\nThomas Stangl &#8220;Regeln des Tanzes&#8221; erschienen bei &#8220;Droschl&#8221; ist auch komplett an mir vorbeigegangen, obwohl ich den ersten <a href=\"http:\/\/literaturgefluester.wordpress.com\/2010\/10\/20\/zweimal-rennweg\/\">Alpha-Preistr\u00e4ger<\/a> ja kenne, sein <a href=\"http:\/\/literaturgefluester.wordpress.com\/2010\/11\/14\/was-kommt\/\">Preisbuch<\/a> gelesen habe und ihn auch erst vor kurzem in der <a href=\"http:\/\/literaturgefluester.wordpress.com\/2013\/06\/17\/wie-im-echten-lebenthomas-stangl\/\">&#8220;Alten Schmiede&#8221;<\/a> h\u00f6rte.<br \/>\nJens Steiner &#8220;Carambole&#8221; Wieder keine Ahnung von Buch und Autor.<br \/>\nUwe Timms &#8220;Vogelweide&#8221; wurde k\u00fcrzlich erst wo sehr gelobt.<br \/>\nNellja Veremej &#8220;Berlin liegt im Osten&#8221;, da habe ich den Namen der Autorin schon einmal geh\u00f6rt und das buch das eine spannenden Titel hat, w\u00fcrde mich, glaube ich, interessieren. Also habe ich vielleicht das Gl\u00fcck, das ich mal daran komme.<br \/>\n<a href=\"http:\/\/literaturgefluester.wordpress.com\/2012\/09\/25\/urs-widmers-literarisches-portrait\/\" title=\"Urs Widmers literarisches\u00a0Portrait\">Urs Widmer<\/a> &#8220;Reise an den Rand des Universums&#8221;, da habe ich vor kurzem erst den &#8220;Herrn Adamson&#8221; in einer &#8220;Libro-Kiste&#8221; gesehen, allerdings wollten sie sieben Euro daf\u00fcr haben und ich habe ja noch zwei andere B\u00fccher von ihm auf meiner Leseliste und nein, da\u00df er auf die Longlist kommen k\u00f6nnte, habe ich nicht gedacht.<br \/>\nMonika Zehrer &#8220;Die Ordnung der Sterne \u00fcber Como&#8221; kenne ich ebenfalls nicht.<br \/>\nAlso bin ich nicht sehr \u00fcberrascht, denke mir, das Ganze ist wohl wirklich sehr voraussagbar, denn wenn man die Namen der Autoren anschaut, wird man sehr viele auch auf fr\u00fcheren Listen finden.<br \/>\nNun ja, nun gut! &#8220;Wo Tauben sind&#8230; oder mit bekannten Namen hat man es leichter!&#8221;, k\u00f6nnte man sagen und mir mit meiner <a href=\"http:\/\/literaturgefluester.wordpress.com\/leseliste\/\">Leseliste bis 2025<\/a> ist es eigentlich egal, denn ich k\u00f6nnte die B\u00fccher jetzt gar nicht lesen, ohne meine Liste durcheinanderzubringen.<br \/>\nSchade finde ich, da\u00df Michael K\u00f6hlmeier und Robert Schindel, wie ich mir eigentlich ganz ganz sicher war, nicht auf der Liste stehen, ihre B\u00fccher werde ich aber auf jeden Fall lesen und \u00fcber Tanja Maljartschuk, die ich in zwei Wochen lesen werde &#8220;Biographie eines zuf\u00e4lligen Wunders&#8221; h\u00e4tte ich mich auch sehr gefreut.<br \/>\nAu\u00dferdem h\u00e4tte ich mir Hans Pleschinski &#8220;K\u00f6nigsallee&#8221;, auch f\u00fcr &#8220;Wilhelm Raabe&#8221; nominiert erwartet, Peter Stamm und eigentlich auch <a href=\"http:\/\/literaturgefluester.wordpress.com\/2013\/08\/08\/axolotl-roadkill\/\" title=\"Axolotl\u00a0Roadkill\">Helene Hegemann<\/a>. Aber da trauen sich die <a href=\"http:\/\/www.deutscher-buchpreis.de\/de\/593134\">Juroren<\/a> wahrscheinlich nicht mehr.<br \/>\nAlso Leser in die Buchhandlungen st\u00fcrmen und lesen, lesen, denn daf\u00fcr ist die Longlist  da und ich frage mich ja wirklich, wer wird das <a href=\"http:\/\/literaturgefluester.wordpress.com\/2013\/03\/15\/ungelesen\/\">tun?<\/a> <a href=\"http:\/\/buzzaldrins.wordpress.com\/2013\/08\/14\/deutscher-buchpreis-2013-5-lesen-20\/\">Buzzaldrin<\/a> hat schon angek\u00fcndigt, da\u00df sie das gemeinsam mit vier anderen tun will und ich habe mich gefragt, ob ich, wenn ich die Leseprobenanthologie bek\u00e4me, anhand der Proben eine Auswahl f\u00fcr die Shortlist geben k\u00f6nnte?<br \/>\nVom &#8220;Who is Who&#8221; k\u00f6nnte man aber jetzt schon an Daniel Kehlmann, Clemens Meyer, Terezia Mora, Reinhard Jirgl, Thomas Glavnic denken, etc, etc. Mal sehen, wie ichs treffe, da bin ich ja meistens sehr sehr schlecht, weil ich nur nach den Namen gehe und keine Gruppendynamiken ber\u00fccksichten kann.<br \/>\nBei meiner Leseliste geht das <a href=\"http:\/\/literaturgefluester.wordpress.com\/?s=Sommerb%C3%BCcher\">Sommerprogramm<\/a> allm\u00e4hlich zu Ende. Da habe ich ja jetzt Julian Schttings &#8220;Blickrichtungen&#8221; ein poetisches Reisebuch in Arbeit, dann kommt der &#8220;Junk&#8221; n\u00e4mlich zweimal Sebastian Fitzek &#8220;Der Augensammler&#8221; und &#8220;Der Seelenbrecher&#8221; und Leonie Swanns &#8220;Garou&#8221;.<br \/>\nDie Tanja Maljartschuk kann ab 27. August besprochen werden. Auf meiner Liste stehen dann drei Wieser- B\u00fccher aus der &#8220;Editon Zwei&#8221; bzw. dem &#8220;Bank Austria Literaturpreis&#8221;, bevor es weitergeht mit &#8220;Feuchtgebieten&#8221;, die ja jetzt verfilmt wurden, K\u00f6hlmeier und Schindel, Milena Michiko Flasar und Marjana Gaponeko, Andrea Grill, Clemens J. Setz und und und&#8230;.<br \/>\n155 Titel stehen da jetzt ja f\u00fcr 2013 darauf und Marialuise Thurner vom &#8220;Folio-Verlag&#8221; hat mich gestern gefragt, ob ich die neue Eva Rossmann lesen m\u00f6chte? M\u00f6chte ich nat\u00fcrlich.<br \/>\nAlso Leute in die H\u00e4nde spuken, die Brillen holen und auf der dBp-Facebookseite wird, glaube ich, t\u00e4glich eines der Listenb\u00fccher vorgestellt und bei Martina Gercke gibts derzeit wieder ein gro\u00dfes Gewinnspiel, wo man <a href=\"http:\/\/literaturgefluester.wordpress.com\/2013\/07\/27\/glucksstern-mit-schwips\/\" title=\"Gl\u00fccksstern mit\u00a0Schwips\">&#8220;Gl\u00fccksstern mit Schwips&#8221;<\/a>, sowie lila Armb\u00e4nder oder solche Kugelschreiber gewinnen kann.<\/p>\n","protected":false},"excerpt":{"rendered":"<p>Da ich erst um zwanzig nach elf von meiner Radtour nach Traisen zur\u00fcckgekommen bin und noch schnell gegessen habe, gibts erst jetzt meine Long-List-Thoughts und ich mu\u00df sagen, wenn man sich an die &#8220;Wilhelm Raabe Literatur Preis Nominierten&#8221; und an &hellip; <a href=\"https:\/\/literaturgefluester.akis.site\/?p=23388\">Continue reading <span class=\"meta-nav\">&rarr;<\/span><\/a><\/p>\n","protected":false},"author":2,"featured_media":0,"comment_status":"open","ping_status":"open","sticky":false,"template":"","format":"standard","meta":{"footnotes":""},"categories":[41],"tags":[],"class_list":["post-23388","post","type-post","status-publish","format-standard","hentry","category-uncategorized"],"_links":{"self":[{"href":"https:\/\/literaturgefluester.akis.site\/index.php?rest_route=\/wp\/v2\/posts\/23388","targetHints":{"allow":["GET"]}}],"collection":[{"href":"https:\/\/literaturgefluester.akis.site\/index.php?rest_route=\/wp\/v2\/posts"}],"about":[{"href":"https:\/\/literaturgefluester.akis.site\/index.php?rest_route=\/wp\/v2\/types\/post"}],"author":[{"embeddable":true,"href":"https:\/\/literaturgefluester.akis.site\/index.php?rest_route=\/wp\/v2\/users\/2"}],"replies":[{"embeddable":true,"href":"https:\/\/literaturgefluester.akis.site\/index.php?rest_route=%2Fwp%2Fv2%2Fcomments&post=23388"}],"version-history":[{"count":0,"href":"https:\/\/literaturgefluester.akis.site\/index.php?rest_route=\/wp\/v2\/posts\/23388\/revisions"}],"wp:attachment":[{"href":"https:\/\/literaturgefluester.akis.site\/index.php?rest_route=%2Fwp%2Fv2%2Fmedia&parent=23388"}],"wp:term":[{"taxonomy":"category","embeddable":true,"href":"https:\/\/literaturgefluester.akis.site\/index.php?rest_route=%2Fwp%2Fv2%2Fcategories&post=23388"},{"taxonomy":"post_tag","embeddable":true,"href":"https:\/\/literaturgefluester.akis.site\/index.php?rest_route=%2Fwp%2Fv2%2Ftags&post=23388"}],"curies":[{"name":"wp","href":"https:\/\/api.w.org\/{rel}","templated":true}]}}