{"id":23334,"date":"2013-08-12T10:00:06","date_gmt":"2013-08-12T08:00:06","guid":{"rendered":"http:\/\/literaturgefluester.wordpress.com\/?p=23334"},"modified":"2013-08-12T10:00:06","modified_gmt":"2013-08-12T08:00:06","slug":"korrigier-und-andere-nachrichten","status":"publish","type":"post","link":"https:\/\/literaturgefluester.akis.site\/?p=23334","title":{"rendered":"Korrigier- und andere Nachrichten"},"content":{"rendered":"<p>Das mit den weniger <a href=\"http:\/\/literaturgefluester.wordpress.com\/2013\/08\/05\/achtzig-rohseiten\/\">Literaturgefl\u00fcstertexten<\/a>, scheine ich, wie meine Vors\u00e4tze, mir ab nun wirklich nie mehr ein <a href=\"http:\/\/literaturgefluester.wordpress.com\/?s=B%C3%BCcherbeschr%C3%A4nkung\">Buch zu kaufen<\/a>, meine Leser wissen wahrscheinlich, genausowenig einzuhalten, aber auch da denke ich, wenn das Material flie\u00dft und die Gedanken da sind, au\u00dferdem habe ich bei meinen gestrigen <a href=\"http:\/\/literaturgefluester.wordpress.com\/2013\/08\/11\/bucherberge\/\">Buchbetrachtungen<\/a> auch einiges vergessen. Denn ich wollte ja schreiben, da\u00df ich am Samstagnachmittag auf der Harlander Terrasse den &#8220;Brief an Rolf Schwendter&#8221;, den ich ja am Volksstimmest lesen will, geschrieben habe, was ich ohne schlechten Gewissen kann, denn mein Text zum Thema &#8220;Ausverkauf&#8221;, das, glaube ich von mir oder vom Alfred stammt und wir bei der <a href=\"http:\/\/literaturgefluester.wordpress.com\/2013\/03\/20\/frauen-texen-frauen-schreiben\/\">Buchpr\u00e4sentation im M\u00e4rz<\/a> zusammen mit Christoph Kepplinger gebraintstormt haben ist ja sehr kurz. Denn ich habe ja als Thema f\u00fcr Schreibgruppe im Juni mit Robert und Ruth mir den &#8220;Ausverkauf&#8221; gew\u00fcnscht und das den beiden auch gesagt, als sie im Mai bei mir Resterlessen waren und im Mai habe ich mir als Thema den <a href=\"http:\/\/literaturgefluester.wordpress.com\/2013\/05\/03\/mai-schreiben\/\">&#8220;Mai&#8221;<\/a> gew\u00fcnscht, dann war noch der &#8220;Mi\u00dfbrauch&#8221; da, dann ist der &#8220;Mi\u00dfbr\u00e4uchige Maimi\u00dfbrauch&#8221; herausgekommen, ein sehr kurzuer Text, das was ich in zwanzig Minuten schreiben und mir noch durchlesen kann und die Ruth hat gesagt &#8220;Du kannst ja auch schon diesen Text nehmen!&#8221;<br \/>\nEs ist dann auch so gekommen, weil im Juni war ja an diesem Freitag, wo das Treffen stattfand, das <a href=\"http:\/\/literaturgefluester.wordpress.com\/2013\/06\/07\/aufgehoben-and-or-not-ausgehoben\/\">Archivsymposium im Literaturhaus<\/a> mit anschlie\u00dfenden Sextempfang, dann wollte ich noch auf ein Bibliotheksfest, das ich zwar nicht gefunden habe, ich war aber nicht in der Schreibegruppe, also dieser Text, der ja passt und auch in den <a href=\"http:\/\/literaturgefluester.wordpress.com\/2013\/08\/07\/feinschliff\/\">&#8220;13 Kapiteln&#8221;<\/a> sein Kapitel hat, da wird die Milka zwar Mia hei\u00dfen und aus Tifils statt aus Minsk kommen und als Rolf Schwendter am 21. Juli so pl\u00f6tzlich gestorben ist, habe ich Christoph Kepplinger geschrieben, da\u00df ich auf den Fest auch etwas \u00fcber Rolf Schwendter lesen will. Da habe ich zwar noch an meinen Nachruf gedacht, aber als ich dann mit  <a href=\"http:\/\/literaturgefluester.wordpress.com\/2013\/07\/23\/nachruf-auf-rolf-schwendter\/#comments\">Peter Contra kommentierte<\/a>, hatte ich schon an einen Brief gedacht. Der ist jetzt da und ist auch ein eher kurzer Text, in dem ich mich an die zwei Texte erinnere, die ich einmal, lang lang ists her f\u00fcr den &#8220;Luitpold-Stern-Preis&#8221; geschrieben habe, bei beiden habe ich, glaube ich, sogar gewonnen und das &#8220;Dichterfr\u00fchst\u00fcck am Himmelsgrund&#8221; ist in einer Volksstimme-Anthologie abgedruckt, &#8220;Die Jubil\u00e4umsfeier&#8221; im Best of II, Eva Jancak Lesebuch&#8221; und es geht dabei um den alten Herrn Professor und dem jungen Dichter Jury, die sich im immer im Cafe Wolke am siebenten Himmelsbogen treffen. Ja und da wird nun ein zweiter Professor und dreifacher Doktor hinzukommen.<br \/>\nMein Nachruf an Rolf Schwendter ist ja sehr begehrt und wird oft aufgerufen, \u00f6fter wird auch nach dem Begr\u00e4bnis gefragt, da kann ich gleich anf\u00fcgen, das wird, wenn ich den Alfred nicht falsch verstanden habe, am 31. August um 9 Uhr am Baumgartner Friedhof stattfinden und am Nachmittag ist dann das Volkkstimmefest, wo ich ab vier beim <a href=\"http:\/\/literaturgefluester.wordpress.com\/lesungen\/\">&#8220;Linken Wort&#8221;<\/a> lesen werden.<br \/>\n<a href=\"http:\/\/www.linkes-wort.at\/\">Die Volksstimmeanthologie des Jahres 2012 &#8220;Ihr nennt uns Menschen, wartet noch damit&#8221;<\/a>, zum hundersten Geburtstag von Jury Soyfer, ist vorige Woche auch gekommen, da gibt es f\u00fcr die, die es interessiert, den Text, den Rolf Schwendter im letzten Jahr gelesen hat und ich habe die vorige Woche in Harland meine &#8220;Dreizehn Kapiteln&#8221; korrigiert, so da\u00df ich jetzt neunundsiebzig Rohseiten und 31.398 W\u00f6rter haben und die drei Wochen, die die Sommerfrische noch dauert, wahrscheinlich jeweils einmal einen Korrigierdurchgang mache um dann, wenn ich wieder in Wien bin, wo ich ausdrucken kann, Kapitel f\u00fcr Kapitel korrigieren werde.<br \/>\nDas tat sich also in meiner <a href=\"http:\/\/literaturgefluester.wordpress.com\/2013\/06\/30\/sommerfrischen-stadtschreibwerkstadt\/\" title=\"Sommerfrischen-Stadtschreibwerkstatt\">Sommerfrische<\/a> und jetzt in Wien, werde ich meine Stunde machen und mich dann am Abend mit dem Alfred, der Anna und dem Andreas im &#8220;Nordpol&#8221; treffen, weil der Alfred ja Geburtstag hatte und das &#8220;Nordpol&#8221; ja sein Lieblingslokal. Einmal habe ich dort <a href=\"http:\/\/literaturgefluester.wordpress.com\/2008\/08\/06\/neues-vom-literaturbetrieb\/\">Gustav Ernst<\/a>, der ja, glaube ich, im zweiten Bezirk wohnt, getroffen und von <a href=\"http:\/\/literaturgefluester.wordpress.com\/2013\/04\/20\/grundlsee\/\" title=\"Grundlsee\">Gustav Ernst<\/a> gab es im Wochenendstandard eine Geschichte, von einem Koffer, der zwischen Wien und St. P\u00f6lten unbeaufsichtigt gefunden wird und Gustav Ernst beschreibt sehr pr\u00e4zise, die Gedanken, die er ausl\u00f6st, ist wirklich Gefahr, da\u00df jemand einen Zug von Wien nach St. P\u00f6lten, der von lauter Pendlern besetzt ist, in die Luft sprengen will. Das habe ich ja auch einmal getan, t\u00e4glich von Wien nach St. P\u00f6lten gependelt, das war noch vor nine elefen, da hat man sich um unbeaufisichtigte Koffer noch keine Gedanken gemacht und ich habe einen Text geschrieben, der &#8220;Ich reise jeden Tag&#8221;, hie\u00df und in der Zeitschrift &#8220;Morgen&#8221; abgedruckt wurde und mit einem Koffer bin ich auch einmal im Zug gefahren, n\u00e4mlich mit Werner Koflers Gep\u00e4ck von Wien nach Klagenfurt, als ich zum &#8220;Tag der Freiheit des Wortes&#8221; wollte, <a href=\"http:\/\/literaturgefluester.wordpress.com\/2010\/10\/11\/werner-kofler-ist-zu-spat\/\">Werner Kofler, der ja im Dezember 2011 <\/a>gestorben ist, ist am S\u00fcdbahnhof, den es auch nicht mehr gibt, eingestiegen, hat sein Gep\u00e4ck deponiert und ist dann wahrscheinlich in den Speisewagen verschwunden und ich hatte meine liebe Not den Leuten zu erkl\u00e4ren, ob der Platz besetzt ist.<br \/>\nGustav Ernst l\u00e4\u00dft seine Geschichte, glaube ich, auch im Speisewagen spielen und ich pendle in der Sommerfrische ebenfalls hin und her, bin mit ihr, wie meine Leser wissen, sehr zufrieden, habe einen ganzen Rohtext in zwei Wochen geschrieben und freue mich jetzt schon auf die dBp Longlist bzw. die Herbstbucherscheinungen und f\u00fcr alle Jonke-Fans, einen &#8220;Geometrischen Heimatroman&#8221; hat mir die Anna auch zur\u00fcckgegeben, den ich gerade in den &#8220;Wortschatz&#8221; getragen habe, zusammen mit Gerhard Koflers &#8220;Intermezzo&#8221; zweisprachige Gedichte und dem Bericht eines Erich Fried-Symposiums.<br \/>\nJetzt gibts noch drei Sommerfrischenwochen und diese wird durch die <a href=\"http:\/\/literaturgefluester.wordpress.com\/2010\/08\/19\/doris-kloimstein-und-hochsicherheitszone\/\" title=\"Zu Doris Kloimstein durch die\u00a0Hochsicherheitszone\">&#8220;Frequency&#8221;<\/a> wahrscheinlich ein wenig getr\u00fcbt, bzw. beschallt und umnebelt werden und der Alfred will am Sonntag nicht nach Schlo\u00df Raabs zum Poetenfest, sondern mit seiner Mutter noch einmal zum Gasthof &#8220;Holzer&#8221; in Neuberg an der M\u00fcrz fahren, wir haben da schon die letzten zwei Sonntage gegessen, als wir am &#8220;Hochschwab&#8221; bzw. am &#8220;G\u00f6ller&#8221; waren.<br \/>\nSeis drum, ich mu\u00df nicht zu jeder Lesung gehen und im Gasthaus &#8220;Holzer&#8221; i\u00dft man sehr gut und ich habe es auch auf eine literarische Art und Weise kennengelernt, gab es doch einmal, lang lang ist ebenfalls wieder her, die Fest f\u00fcr Jandl, R\u00fchm und Friedericke Mayr\u00f6cker in M\u00fcrzzuschlag und die von R\u00fchm und Mayr\u00f6cker haben auch mit einem guten Mittagessen bzw. Buffet im Gasthaus Holzer stattgefunden.<br \/>\nDie &#8220;Jandl-Tage&#8221;, bzw. ein Teil davon, finden auch immer dort statt und dann ist es sehr schwer einen Platz zu bekommen, wenn man, wie wir es beispielsweise einmal taten vom Hochschwab oder einer Sladky-Wanderung kommt.<\/p>\n","protected":false},"excerpt":{"rendered":"<p>Das mit den weniger Literaturgefl\u00fcstertexten, scheine ich, wie meine Vors\u00e4tze, mir ab nun wirklich nie mehr ein Buch zu kaufen, meine Leser wissen wahrscheinlich, genausowenig einzuhalten, aber auch da denke ich, wenn das Material flie\u00dft und die Gedanken da sind, &hellip; <a href=\"https:\/\/literaturgefluester.akis.site\/?p=23334\">Continue reading <span class=\"meta-nav\">&rarr;<\/span><\/a><\/p>\n","protected":false},"author":2,"featured_media":0,"comment_status":"open","ping_status":"open","sticky":false,"template":"","format":"standard","meta":{"footnotes":""},"categories":[41],"tags":[],"class_list":["post-23334","post","type-post","status-publish","format-standard","hentry","category-uncategorized"],"_links":{"self":[{"href":"https:\/\/literaturgefluester.akis.site\/index.php?rest_route=\/wp\/v2\/posts\/23334","targetHints":{"allow":["GET"]}}],"collection":[{"href":"https:\/\/literaturgefluester.akis.site\/index.php?rest_route=\/wp\/v2\/posts"}],"about":[{"href":"https:\/\/literaturgefluester.akis.site\/index.php?rest_route=\/wp\/v2\/types\/post"}],"author":[{"embeddable":true,"href":"https:\/\/literaturgefluester.akis.site\/index.php?rest_route=\/wp\/v2\/users\/2"}],"replies":[{"embeddable":true,"href":"https:\/\/literaturgefluester.akis.site\/index.php?rest_route=%2Fwp%2Fv2%2Fcomments&post=23334"}],"version-history":[{"count":0,"href":"https:\/\/literaturgefluester.akis.site\/index.php?rest_route=\/wp\/v2\/posts\/23334\/revisions"}],"wp:attachment":[{"href":"https:\/\/literaturgefluester.akis.site\/index.php?rest_route=%2Fwp%2Fv2%2Fmedia&parent=23334"}],"wp:term":[{"taxonomy":"category","embeddable":true,"href":"https:\/\/literaturgefluester.akis.site\/index.php?rest_route=%2Fwp%2Fv2%2Fcategories&post=23334"},{"taxonomy":"post_tag","embeddable":true,"href":"https:\/\/literaturgefluester.akis.site\/index.php?rest_route=%2Fwp%2Fv2%2Ftags&post=23334"}],"curies":[{"name":"wp","href":"https:\/\/api.w.org\/{rel}","templated":true}]}}