{"id":23314,"date":"2013-08-11T20:48:37","date_gmt":"2013-08-11T18:48:37","guid":{"rendered":"http:\/\/literaturgefluester.wordpress.com\/?p=23314"},"modified":"2013-08-11T20:48:37","modified_gmt":"2013-08-11T18:48:37","slug":"bucherberge","status":"publish","type":"post","link":"https:\/\/literaturgefluester.akis.site\/?p=23314","title":{"rendered":"B\u00fccherberge"},"content":{"rendered":"<p>Frisch vom &#8220;G\u00f6ller&#8221; zur\u00fcckgekommen, m\u00f6chte ich mich wieder den B\u00fccherbergen widmen, den eigenen und denen der anderen, denn der Sommer beginnt sich ganz langsam dem Ende zuzuneigen und die Herbstproduktion beginnt. Das Thema Buchhandlungen und Buchhandlungssterben wurde ja schon die ganze Zeit bei &#8220;Steglitz Mind&#8221; thematisiert, da die derzeit B\u00fcchh\u00e4ndler interviewt, die alle von der Buy Local Kampagne schw\u00e4rmen und da kam gestern Wolfgang Tischer vom Literaturcafe daher, hat <a href=\"http:\/\/www.literaturcafe.de\/gegen-das-ebook\/\">&#8220;Landgericht&#8221;<\/a> <a href=\"http:\/\/literaturgefluester.wordpress.com\/2013\/02\/05\/deutsche-buchpreistragerin-in-wien\/\">gelesen<\/a> und da herausgefunden, da\u00df es da 1929 eine authentische Kampagne gegen den Tonfilm gab und hat gleich ein Flugblatt gegen E-Books umgem\u00fcnzt. Ich meine, wir sind da schon ein bi\u00dfchen weiter und das E-Buch ist auch nicht mehr so bedrohlich, Amazon hat sich den Selbstpublishern ge\u00f6ffnet, was sicher eine positive Initative ist, sonst wei\u00df ich gar nicht, wieviel die Leute wirklich E-Books lesen, im Vorjahr hat mir Haymon ein paar seiner Vorschauen als E-Buch geschickt, aber damit aufgeh\u00f6rt, jetzt habe ich <a href=\"http:\/\/literaturgefluester.wordpress.com\/2013\/07\/27\/glucksstern-mit-schwips\/\" title=\"Gl\u00fccksstern mit\u00a0Schwips\">Martina Gerckes &#8220;Gl\u00fccksstern mit Schwips&#8221;<\/a> gelesen und die soll laut Sven Schr\u00f6der dreihundert Dollar pro Tag an ihren B\u00fcchern verdienen, eine Zahl die ich mir immer noch nicht vorstellen kann und sicher bin, da\u00df, wenn ich die <a href=\"http:\/\/literaturgefluester.wordpress.com\/2013\/08\/05\/achtzig-rohseiten\/\" title=\"Achtzig\u00a0Rohseiten\">&#8220;Dreizehn Kapiteln&#8221; <\/a>hineinstelle, das niemand kauft.<br \/>\nAber mal sehen und ausprobieren. Im &#8220;Standard&#8221; war am Wochenende ein Artikel, da\u00df es den Buchhandlungen schon wieder besser geht und Gerald Schantin vom Hauptverband ist, glaube ich, f\u00fcr Preiserh\u00f6hungen. Da w\u00fcrde ich zwar denken, B\u00fccher sind ohnehin sehr teuer, was den Normalpreis betrifft. Zum Gl\u00fcck gibts ja die &#8220;Offenen B\u00fccherschr\u00e4nke&#8221; und die Schn\u00e4ppchen und da hat sich diese Woche auch einiges getan. Diesmal habe ich n\u00e4mlich einen ganzen Sack zur Telefonzelle vis a vis der &#8220;Seedose&#8221; hingetragen, weil die Anna ihre Wohnung renoviert, das B\u00fccherregal hinausgeschmissen hat und auch eine Schachtel B\u00fccher, da waren sehr viel Exemplare zum &#8220;Welttag des Buches&#8221; und die von der &#8220;Eine Stadt-ein Buch Aktion&#8221;, die ich ihr gebracht habe, drinnen, also habe ich das in die Telefonzelle gelegt, bei Interesse hinschauen, vielleicht sind sie noch da. Ein Harris &#8220;Das Schweigen der L\u00e4mmer&#8221; war auch dabei.<br \/>\nAnsonsten bin ich schon sehr gespannt, was da am Mittwoch bez\u00fcglich der dBP-Longlist bekanntgegeben wird und \u00fcbe mich schon im R\u00e4tselraten, beziehungsweise habe ich mich da bei den Neuerscheinungen ein wenig umgeh\u00f6rt. Denn das ist ja eine interessante Vorstellung, da\u00df da in den n\u00e4chsten Wochen wieder ein Haufen neuer B\u00fccher erscheinen werden, die die Autoren gerade oder auch schon vor l\u00e4ngerer Zeit geschrieben haben. Auf der Facebookseite des dBP steht, da\u00df aus zweihundert B\u00fcchern ausgew\u00e4hlt wurde, eine gigantische Zahl, die nat\u00fcrlich noch viel h\u00f6her ist, weil ja, glaube ich, beim dBp nur bestimmte Verlage einreichen, Romanen m\u00fc\u00dfen es auch sein, etc, dann gibt es aber noch die Hotlist und nat\u00fcrlich die Selbstpulischer und ab Mittwoch sollen wir dann unbedingt zwanzig B\u00fccher bis Weihnachten lesen, die dann in aller Munde sein werden.<br \/>\nDie Facebookseite hat schon die R\u00fcckseite der Tafel gezeigt, wo die Namen stehen und die Leute gefragt, welche drei B\u00fccher w\u00fcrdet ihr hinaufschreiben?<br \/>\nNun was gibts f\u00fcr Neuerscheinungen? Die Helene Hegemann hat was, der Thomas Glavinic hat glaube ich vom Mont Everest geschrieben, der Daniel Kehlmann ein Buch das &#8220;F&#8221; hei\u00dft, der Norbert Gestrein stellt in den O-T\u00f6nen sein neues Buch vor, auf der <a href=\"http:\/\/literaturgefluester.wordpress.com\/2013\/08\/07\/feinschliff\/\">Wilhelm Raabe Liste stehen auch zw\u00f6lf B\u00fccher<\/a>. Ich w\u00fcrde ja einmal <a href=\"http:\/\/www.jancak.at\/auszug_kerstinsachterl.html\">&#8220;Kerstins Achterl&#8221; <\/a>und <a href=\"http:\/\/www.jancak.at\/auszug_sterben.html\">&#8220;Zum Sterben sollte man zu Hause sein&#8221;<\/a> vorschlagen. B\u00fccher, die ja leider sicher nicht daraufstehen werden, aber trotzdem vorhanden sind. Ansonsten bin ich gespannt, was sich von den Neuerscheinungen darauf finden wird? Ich habe inzwischen vom &#8220;Residenz-Verlag&#8221; noch &#8220;Julian Schuttings &#8220;Blickrichtungen&#8221; dazubekommen, bin bereits beim Lesen und war am Nachmittag entt\u00e4uscht, als ich &#8220;Ex Libris&#8221; anh\u00f6rte, denn da scheint es ein Sommerprogramm und eine Sparschiene zu geben. So stellte Peter Zimmermann drei philosophische B\u00fccher vor, die zwar sicher auch interessant sind, nat\u00fcrlich, aber eigentlich sollte es ja um die Neuerscheinungen und um die Frage geben, was zum Beispiel auf der dBP Liste steht, denke ich.<br \/>\nBei den Thalia Abverkaufkisten hat mir der Alfred vor zwei Wochen zw\u00f6lf B\u00fccher gekauft. Eines davon war Kathrin Schmidts &#8220;Du stirbst nicht&#8221;. Das dBp-Preis Buch von 2009, als alle glaubten <a href=\"http:\/\/literaturgefluester.wordpress.com\/2009\/11\/22\/atemschaukel\/\">Herta M\u00fcller<\/a> w\u00fcrde den Preis gewinnen und ich habe die B\u00fccher auf meine <a href=\"http:\/\/literaturgefluester.wordpress.com\/leseliste\/\" title=\"Leseliste\">Leseliste von 2025<\/a> gestellt und kann da gleich eventuelle Fragen meiner Leser beantworten, was aus meinen <a href=\"http:\/\/literaturgefluester.wordpress.com\/?s=B%C3%BCcherbeschr%C3%A4nkung\">Buchbeschr\u00e4nkungspl\u00e4nen<\/a> geworden ist, beantworten. Wie ich die publizierte, hatte ich, glaube ich, eine Leseliste bis 2018 oder 19, dann habe ich in meinen Regalen umger\u00e4umt und versucht m\u00f6glichst alles Ungelesene auf die Listen zu setzen.<br \/>\nBei 2025 mache ich aber Schlu\u00df, weil ich ja nicht vielleicht versterben und eine Endlosliste hinterlassen will. Nehme ich mir inzwischen weniger B\u00fccher? Nicht wirklich. Ich gehe zwar weniger hin und mache auch nicht mehr soviele Umwege, so war ich im Sommer in Wien zum Beispiel kaum bei einen der Schr\u00e4nke, daf\u00fcr komme ich einmal in der Woche bei der &#8220;Seedose&#8221; vorbei und wenn ich dann was finde, kann ich es nicht immer liegen lassen. So da\u00df sich wieder einiges ansammelt, was nicht auf meinen Listen steht.<br \/>\nNun gut, es gibt ja wirklich B\u00fccherberge, die Frankfurter Buchmesse wird es wieder zeigen und ich komme mit meiner 2013 Leseliste und meinen <a href=\"http:\/\/literaturgefluester.wordpress.com\/2013\/07\/13\/sommerbucher\/\" title=\"Sommerb\u00fccher\">Sommerb\u00fcchern<\/a> bzw. Herbstvorschauen eigentlich gut voran. Hundertsechzig B\u00fccher werden es 2013 wahrscheinlich werden und die, die da daraufstehen sind auch sehr interessant und so bin ich  gespannt, ob ich vielleicht schon etwas, von dem, was auf der Longlist steht, gelesen haben werde?<br \/>\nDa ja auch die Fr\u00fchjahrsneuerscheinungen draufkommen, k\u00f6nnte es bei der Doris Knecht, dem K\u00f6hlmeier und dem Robert Schindel klappen, die ich  noch lesen mu\u00df. Ob ich jemals an den neuen Glavinic, Hegemann, etc komme, wei\u00df ich nicht, es ist auch nicht wirklich sinnvoll, aber spannend, spannend, nat\u00fcrlich, denn es gibt ja sehr viele oder auch zuviele B\u00fccher und das ist eigentlich sehr sch\u00f6n&#8230;.  <\/p>\n","protected":false},"excerpt":{"rendered":"<p>Frisch vom &#8220;G\u00f6ller&#8221; zur\u00fcckgekommen, m\u00f6chte ich mich wieder den B\u00fccherbergen widmen, den eigenen und denen der anderen, denn der Sommer beginnt sich ganz langsam dem Ende zuzuneigen und die Herbstproduktion beginnt. Das Thema Buchhandlungen und Buchhandlungssterben wurde ja schon die &hellip; <a href=\"https:\/\/literaturgefluester.akis.site\/?p=23314\">Continue reading <span class=\"meta-nav\">&rarr;<\/span><\/a><\/p>\n","protected":false},"author":2,"featured_media":0,"comment_status":"open","ping_status":"open","sticky":false,"template":"","format":"standard","meta":{"footnotes":""},"categories":[41],"tags":[],"class_list":["post-23314","post","type-post","status-publish","format-standard","hentry","category-uncategorized"],"_links":{"self":[{"href":"https:\/\/literaturgefluester.akis.site\/index.php?rest_route=\/wp\/v2\/posts\/23314","targetHints":{"allow":["GET"]}}],"collection":[{"href":"https:\/\/literaturgefluester.akis.site\/index.php?rest_route=\/wp\/v2\/posts"}],"about":[{"href":"https:\/\/literaturgefluester.akis.site\/index.php?rest_route=\/wp\/v2\/types\/post"}],"author":[{"embeddable":true,"href":"https:\/\/literaturgefluester.akis.site\/index.php?rest_route=\/wp\/v2\/users\/2"}],"replies":[{"embeddable":true,"href":"https:\/\/literaturgefluester.akis.site\/index.php?rest_route=%2Fwp%2Fv2%2Fcomments&post=23314"}],"version-history":[{"count":0,"href":"https:\/\/literaturgefluester.akis.site\/index.php?rest_route=\/wp\/v2\/posts\/23314\/revisions"}],"wp:attachment":[{"href":"https:\/\/literaturgefluester.akis.site\/index.php?rest_route=%2Fwp%2Fv2%2Fmedia&parent=23314"}],"wp:term":[{"taxonomy":"category","embeddable":true,"href":"https:\/\/literaturgefluester.akis.site\/index.php?rest_route=%2Fwp%2Fv2%2Fcategories&post=23314"},{"taxonomy":"post_tag","embeddable":true,"href":"https:\/\/literaturgefluester.akis.site\/index.php?rest_route=%2Fwp%2Fv2%2Ftags&post=23314"}],"curies":[{"name":"wp","href":"https:\/\/api.w.org\/{rel}","templated":true}]}}