{"id":23257,"date":"2013-08-10T19:45:49","date_gmt":"2013-08-10T17:45:49","guid":{"rendered":"http:\/\/literaturgefluester.wordpress.com\/?p=23257"},"modified":"2013-08-10T19:45:49","modified_gmt":"2013-08-10T17:45:49","slug":"die-welt-der-lisbeth-salander","status":"publish","type":"post","link":"https:\/\/literaturgefluester.akis.site\/?p=23257","title":{"rendered":"Die Welt der Lisbeth Salander"},"content":{"rendered":"<p>&#8220;Die Millenium-Trilogie entschl\u00fc\u00dfelt&#8221;, herausgegeben von Dan Burstein und Co-Atuoren, der schon einige Bestseller, wie den &#8220;Da Vinci Code&#8221; oder &#8220;Das Sacrileg&#8221; entschl\u00fcsselt hat, h\u00e4tte ich im Juni fast im B\u00fccherschrank stehenlassen, dann ist mir das &#8220;Drachentatoo&#8221; am Umschlag doch aufgefallen und ich habe mich erinnert, da\u00df ich im Mai,  den ersten Teil der Serie <a href=\"http:\/\/literaturgefluester.wordpress.com\/2013\/06\/01\/verblendung\/\">Stieg Larssons &#8220;Verblendung&#8221;<\/a> gelesen und mir dann noch gleich den Film angeschaut habe, habe mir das Buch genommen und jetzt in der Sommerfrische gelesen, denn die Welt der Lisbeth Salander ist ja sehr interessant, war ich im von der Figur dieses autistischen, traumatisierten oder was auch immer, M\u00e4dchens ja auch sehr fasziniert.<br \/>\nUm es gleich vorweg zu nehmen, so besonders viel hat mir Dan Burstein nicht entschl\u00fc\u00dfelt und das Buch ist vielleicht sogar ein Ettikettenschwindel, geht es ja vor allem um Stieg Larssons Leben und die schwedische Gesellschaft und im Vorwort erz\u00e4hlt der Amerikaner noch, wie er dazu gekommen ist, Stieg Larsson zu entschl\u00fc\u00dfeln.<br \/>\nDann beginnt er ein bi\u00dfchen \u00fcber Lisbeth Salander und ihr Asperger-Syndrom zu erz\u00e4hlen und, da\u00df das Buch, das im Englischen das &#8220;M\u00e4dchen mit dem Drachentatoo hei\u00dft&#8221; in Schweden unter &#8220;M\u00e4nner, die Frauen hassen&#8221; herausgekommen, diesen Titel hat der Feminist Stieg Larsson bei seinem Verlag durchgesetzt und der Sinn dahinter ist, Gewalt gegen Frauen aufzuzeigen.<br \/>\nStieg Larsson, der am 9. November 2004, meinem Geburtstag, wegen einem Liftausfall  mehrere St\u00f6cke hochgelaufen ist und an einem Herzinfarkt verstarb, hatte zu diesem Zeitpunkt gerade den Vertrag der ersten drei B\u00e4nde unterschrieben, das erste Buch war, glaube ich, schon lektoriert, die anderen nicht mehr, das vierte im Computer, das Ganze auf zehn B\u00e4nde angelegt, war, wie Burstein schreibt, ein Workoholic, der sechzig Tassen Kaffee an einem Tag trank und sportlich nicht sehr trainiert war, sein politisches Leben wird beschrieben und auch die Frage thematisiert, ob die B\u00fccher nicht vielleicht doch von der Lebensgef\u00e4hrtin, die enterbt \u00fcberblieb, geschrieben worden w\u00e4ren?<br \/>\nDa hat es vor einem Jahr einen <a href=\"http:\/\/literaturgefluester.wordpress.com\/2012\/08\/23\/zum-krimischreiben\/\">Spiegelartikel<\/a> gegeben, in dem ungef\u00e4hr dasselbe drinnenstand. Dann geht es zu den Kollegen Larssons, der ja Journalist war und eine Zeitschrift gegen Rassismus namens &#8220;Expo&#8221; herausgegeben hat, bevor der Entschl\u00fc\u00dfeler uns Steg Larssons Lekt\u00fcre verr\u00e4t.<br \/>\nEr und Eva Gabrielsson waren Schiece Fiction- und Krimifans und das Vorbild f\u00fcr die Lisbeth Salander war die Pippi Langstrumpf, eine erwachsen gewordenen R\u00e4cherin ist Stieg Larsson da ja vorgeschwebt.<br \/>\nIm zweiten Teil gibt es eine Abhandlung \u00fcber den nordischen Kriminalroman, der ja mit dem Marxisten Duo  Per Wahl\u00f6\u00f6 und Maj Sj\u00f6wall in den Sechziger-und Siebziger Jahren eine Bl\u00fcte hatte und auch von Stieg Larsson gern gelesen wurde. Dann gibt es die Wallander-Krimis von <a href=\"http:\/\/literaturgefluester.wordpress.com\/2013\/05\/27\/hunde-von-riga\/\" title=\"Hunde von\u00a0Riga\">Henning<\/a> <a href=\"http:\/\/literaturgefluester.wordpress.com\/2011\/07\/01\/die-ruckkehr-des-tanzlehrers\/\" title=\"Die R\u00fcckkehr des\u00a0Tanzlehrers\">Mankell<\/a>, Ake Edwardson, Liza Marklund etc und ein paar Interviews bzw. Artikeln von heutigen nordischen Krimiautoren, die zum Teil in Larsson ihr Vorbild haben. Ein Paar hat sogar das Pseudonym Lars Kepler, Lars von Stieg Larsson und Kepler von Johannes Kepler gew\u00e4hlt.<br \/>\nEs geht um den Zusammenhang mit der Gewalt an Frauen und es wird auch die Gewaltt\u00e4tigkeit Schwedens untersucht, Olov Palme und eine Innenministerin wurden ja auf offener Stra\u00dfe erscho\u00dfen, es gibt einen Polizeichef, der selbst vergewaltigt hat und die Frage wird untersucht, wie weit sich dieses Schweden, das ich zum Beispiel 1975 mit meinen Vater und einer Gruppe Sozialisten besuchte, um Kinderg\u00e4rten, Spit\u00e4ler etc zu besichtigen, inzwischen vom \u00fcberall gelobten Wohlfahrts- und Sozialstaat ins Gegenteil ver\u00e4ndert hat.<br \/>\nDann geht es zu den Verschw\u00f6rungstheorien bez\u00fcglich Stieg Larssons Tod, vielleicht ist er am 9. 11. 04 gar nicht gestorben, sondern nur verschwunden. Ich pers\u00f6nlich, glaube das zwar nicht, aber Gordon Kutnik stellt Verbindungen zu dem Werk auf, wo ja auch Leute verschwinden und erst Jahre sp\u00e4ter wieder wiederkehren. Das R\u00e4tsel um den vierten Roman wird gestellt, von dem es ja schon an die hundert Seiten geben soll und den Eva Gabrielsson gerne fertig schreiben w\u00fcrde, wenn sie der Bruder Joakim das nur lassen w\u00fcrde. Dann geht es um die Verfilmungen und Lars Stegsson als Theaterst\u00fcck.<br \/>\nIm dritten Teil erz\u00e4hlt ein Freund John-Henri Holmberg in der &#8220;Stieg-Larsson-Story&#8221; Details aus Stieg Larssons Leben, die zum Teil schon in den vierhundert fr\u00fcheren Seiten thematisiert wurden. Also, da\u00df Stieg Larsson die ersten neun Jahre seines Lebens ziemlich abgeschieden bei seinen Gro\u00dfeltern verbrachte, dann erst zu seinen Eltern und dem j\u00fcngeren Bruder Joakim kam. Weil er sehr viel schrieb und die Schreibmaschine den Bruder st\u00f6rte, mieteten ihn die Eltern einen Kellerraum, mit Sechzehn zog er in ein Zimmer gegen\u00fcber, 1974 lernte er Eva Gabrielsson kennen, 1977 zogen beide nach Stockholm, die &#8220;Expo- Gr\u00fcndung&#8221;, die Frage, wieweit Eva Gabriellson an der Trilogie beteiligt war und da\u00df Larsson sie finanziell beteiligen wollte, aber kein Testament vorhanden war und ohne dem bekommt in Schweden alles die Familie.<br \/>\nIm vierten Teil den &#8220;Millennium-Akten&#8221; geht es hin und her mit den Informationen. \u00dcber Lisbeths Gewaltt\u00e4tigkeit und ihr Asperger-Syndrom wird diskutiert, dann Stieg Larsson sogar mit Franz Kafka verglichen, der ja auch erst nach seinem Tod ber\u00fchmt geworden ist, weil sich Max Brod nicht daran gehalten hat, seine Werke, wie er sollte, zu verbrennen, was ich wieder etwas \u00fcbertrieben finde, obwohl ich ja kein besonderer <a href=\"http:\/\/literaturgefluester.wordpress.com\/2013\/05\/23\/kafka-mit-sekt-und-torte\/\" title=\"Kafka mit Sekt und\u00a0Torte\">Kafka-Fan<\/a> oder Spezialistin bin.<br \/>\nStieg Larssons Trink und E\u00dfgewohnheiten werden analysiert, er trank viel Kaffee und ern\u00e4hrte sich vorwiegend von Fast Food, wie Pizza. Dann geht es nach Stockholm auf Millenium-Tour, da kann man jetzt den Spuren der Trologie nachreisen und Stieg Larsson hat den Tourismus angekurbelt.<br \/>\nZuletzt kommt eine lange Biografie und eine lange Danksagung, sowie die Vorstellung des Autors und der Co-Autoren und man hat ein buntes Sammelsurium an Informationen gelesen, das sicher helfen kann, den Roman besser zu verstehen, obwohl das meiste habe ich, glaube ich, schon aus dem Buch herausgelesen und ich habe  nur den Teil eins, die &#8220;Verblendung&#8221; gelesen, mir dann den Film im Internet angeschaut, der erste Teil war zur G\u00e4nze zu bekommen von den anderen gab es nur Ausschnitte.<br \/>\nGleich am Anfang des Buches steht, da\u00df die Trilogie s\u00fcchtig macht, kennt man Teil eins, will man alles lesen, so schlimm war es nicht bei mir, ich werde aber nat\u00fcrlich, sollte ich auch &#8220;Verdammnis&#8221; und &#8220;Vergebung&#8221; irgendwann finden, die B\u00fccher lesen und habe auch ein bi\u00dfchen in Eva Gabrielsons &#8220;Stieg und ich&#8221; hineingeschaut.<\/p>\n","protected":false},"excerpt":{"rendered":"<p>&#8220;Die Millenium-Trilogie entschl\u00fc\u00dfelt&#8221;, herausgegeben von Dan Burstein und Co-Atuoren, der schon einige Bestseller, wie den &#8220;Da Vinci Code&#8221; oder &#8220;Das Sacrileg&#8221; entschl\u00fcsselt hat, h\u00e4tte ich im Juni fast im B\u00fccherschrank stehenlassen, dann ist mir das &#8220;Drachentatoo&#8221; am Umschlag doch aufgefallen &hellip; <a href=\"https:\/\/literaturgefluester.akis.site\/?p=23257\">Continue reading <span class=\"meta-nav\">&rarr;<\/span><\/a><\/p>\n","protected":false},"author":2,"featured_media":0,"comment_status":"open","ping_status":"open","sticky":false,"template":"","format":"standard","meta":{"footnotes":""},"categories":[41],"tags":[],"class_list":["post-23257","post","type-post","status-publish","format-standard","hentry","category-uncategorized"],"_links":{"self":[{"href":"https:\/\/literaturgefluester.akis.site\/index.php?rest_route=\/wp\/v2\/posts\/23257","targetHints":{"allow":["GET"]}}],"collection":[{"href":"https:\/\/literaturgefluester.akis.site\/index.php?rest_route=\/wp\/v2\/posts"}],"about":[{"href":"https:\/\/literaturgefluester.akis.site\/index.php?rest_route=\/wp\/v2\/types\/post"}],"author":[{"embeddable":true,"href":"https:\/\/literaturgefluester.akis.site\/index.php?rest_route=\/wp\/v2\/users\/2"}],"replies":[{"embeddable":true,"href":"https:\/\/literaturgefluester.akis.site\/index.php?rest_route=%2Fwp%2Fv2%2Fcomments&post=23257"}],"version-history":[{"count":0,"href":"https:\/\/literaturgefluester.akis.site\/index.php?rest_route=\/wp\/v2\/posts\/23257\/revisions"}],"wp:attachment":[{"href":"https:\/\/literaturgefluester.akis.site\/index.php?rest_route=%2Fwp%2Fv2%2Fmedia&parent=23257"}],"wp:term":[{"taxonomy":"category","embeddable":true,"href":"https:\/\/literaturgefluester.akis.site\/index.php?rest_route=%2Fwp%2Fv2%2Fcategories&post=23257"},{"taxonomy":"post_tag","embeddable":true,"href":"https:\/\/literaturgefluester.akis.site\/index.php?rest_route=%2Fwp%2Fv2%2Ftags&post=23257"}],"curies":[{"name":"wp","href":"https:\/\/api.w.org\/{rel}","templated":true}]}}