{"id":23197,"date":"2013-08-07T00:03:12","date_gmt":"2013-08-06T22:03:12","guid":{"rendered":"http:\/\/literaturgefluester.wordpress.com\/?p=23197"},"modified":"2013-08-07T00:03:12","modified_gmt":"2013-08-06T22:03:12","slug":"feinschliff","status":"publish","type":"post","link":"https:\/\/literaturgefluester.akis.site\/?p=23197","title":{"rendered":"Feinschliff"},"content":{"rendered":"<p>Am Montagnachmittag habe ich, da ich erst ab f\u00fcnf zwei Stunden hatte, die Ruth um zwei zum Kaffee getroffen und sie hat mir  ein Erdbeerparfait mitgebracht, das \u00fcber geblieben ist, weil Robert Eglhofer Geburtstag hatte.<br \/>\nIn der Sommerhitze sind wir in der Krongasse auf der Terrasse gesessen und haben uns \u00fcber <a href=\"http:\/\/literaturgefluester.wordpress.com\/2013\/07\/23\/nachruf-auf-rolf-schwendter\/\">Rolf Schwendters Tod<\/a> unterhalten, sie hat mich darauf aufmerksam gemacht, da\u00df es trotzdem eine Poet Night im September geben wird, zu er ich mich schon angemeldet habe.<br \/>\nDie Ruth wird demn\u00e4chst nach Salzburg zu den Festspielen fahren und hat mir auch erz\u00e4hlt, da\u00df sie sich f\u00fcr ihr neues Buch eine Lektorin genommen hat. Ja, ja, das sind die neoliberalen Zeiten, wo die Verlage alles ausgliedern und der Autor selbst f\u00fcr das Lektorat sorgen mu\u00df. Sie ist schon sehr gespannt darauf, was die Lektorin sagen und ich bin sehr gespannt auf ihr neues Buch, das demn\u00e4chst erscheinen wird.<br \/>\nAm Abend habe ich sie dann noch einmal am Rathausplatz getroffen, wo es im Richard Wagner Jahr die ersten zwei Akte der &#8220;G\u00f6tterd\u00e4mmerung&#8221; in einer, wie ich finde, sehr schlechten Inszenierung gegeben hat.<br \/>\nAm Dienstag habe ich dann am Morgen <a href=\"http:\/\/literaturgefluester.wordpress.com\/2013\/08\/06\/wir-waren-da\/\">Roman Marchels &#8220;Wir waren da&#8221;<\/a> ausgelesen, das neue &#8220;Residenz-Buch&#8221;, das am 6. 8. erschienen ist und eine spannende Erfahrung gemacht, da\u00df es auch bei Neuerscheinungen sehr leise und bed\u00e4chtig gehen kann.<br \/>\nDann hatte ich eine Kinderdiagnostik und zwei Stunden und habe, bevor ich wieder in meine Sommerfrische gefahren bin, das ist jetzt, wenn ich mich nicht irre, die sechste Woche, das erste Kapitel meines &#8220;Dreizehn Kapitel Buchs&#8221; korrigiert. Da wollte ich ja eigentlich sehr viel \u00e4ndern oder es \u00fcberhaupt neu und umschreiben, damit das mit den B\u00fccherbergen und den Leselisten f\u00fcr zehn Jahren vielleicht ein bi\u00dfchen fetzig r\u00fcberkommt.<br \/>\nDerweil habe ich das aber noch nicht allzuviel, nur festgelegt, was ge\u00e4ndert werden soll.<br \/>\nStefan Horetzkys T\u00f6chter werden Klara und Klaudia mit K hei\u00dfen und dann nach Harland gefahren, um mich in eine intensive Korrekturwoche zu begeben, wo es um den Feinschliff gehen wird.<br \/>\nDazwischen gab es dann ein bi\u00dfchen Aufregung, denn leider ist das Internet ausgefallen. Wahnsinn, wie schnell man davon abh\u00e4ngig wird. Aber zum Korrigieren brauche ich es ja gar nicht und eigentlich wollte ich ja weniger Bloggen, aber einen Schreib- bzw. Sommerfrischenbericht trotzdem geben, denn irgendwie stehen wir ja in der Mitte des Sommers und die Herbstb\u00fccherproduktion ist schon voll im Anlaufen. Das betrifft mich ja nicht sosehr, obwohl ich in den letzten zwei Wochen ja ein ganzes <a href=\"http:\/\/literaturgefluester.wordpress.com\/2013\/08\/05\/achtzig-rohseiten\/\" title=\"Achtzig\u00a0Rohseiten\">Rohkonzept<\/a> geschrieben habe, aber am n\u00e4chsten Mittwoch, den 14. 8. geben sie in Frankfurt, glaube ich, die heurige Longlist des deutschen Buchpreises bekannt.<br \/>\nZwanzig B\u00fccherneuerscheinungen, die man unbedingt gelesen haben sollte. Auf meiner Leseliste steht dagegen Tanja Maljartschuks &#8220;Biografie eines zuf\u00e4lligen Wunders&#8221;, ein &#8220;Residenz-Buch&#8221;, das am 27. August erscheinen wird und in der Badewanne habe ich vorhin Helene Hegmanns &#8220;Axolotl Roadkill&#8221;, der Aufreger vom <a href=\"http:\/\/literaturgefluester.wordpress.com\/2010\/02\/13\/abschreiben-kopieren-textmontagen\/\">Fr\u00fchjahr 2010<\/a> gelesen, den es vor ein <a href=\"http:\/\/literaturgefluester.wordpress.com\/2013\/07\/17\/st-poltens-bucher\/\" title=\"St. P\u00f6ltens\u00a0B\u00fccher\">paar Wochen bei &#8220;Thalia&#8221; um 3.99 gab<\/a> und Buzzaldrin hat mich darauf aufmerksam gemacht, im August erscheint ein neues Hegemann-Buch, so da\u00df man sich nat\u00fcrlich fragt, ob das auf der zwanzig langen B\u00fccherliste stehen wird?<br \/>\nThomas Glavinic, der \u00f6sterreichische Superstar, hat ein neues Buch geschrieben, das auch im August erscheinen wird, das stellt er bei den O-T\u00f6ne vor und ist wie ich www.buecher.at entnehme, da f\u00fcr den &#8220;Wilhelm Raabe-Preis&#8221; nominiert. Wird er auch auf der langen Liste stehen und wer noch?<br \/>\nAm Mittwoch werden wir es wissen und es ist ohnehin egal, weil es ja wahrscheinlich ein paar Jahre dauern wird, bis ich die B\u00fccher in den Schr\u00e4nken oder in den Ein Euro Abverkaufskisten finden werde und ich habe  ohnehin schon so eine lange Leseliste und will eigentlich gar <a href=\"http:\/\/literaturgefluester.wordpress.com\/?s=B%C3%BCcherbeschr%C3%A4nkung\">nichts Neues<\/a> mehr nehmen. Wenn ich das nur schaffe, denke aber irgendwie ganz gl\u00fccklich, da\u00df ich das ja gar nicht schaffen mu\u00df. Luxusprobleme. Also welche B\u00fccher werden auf der langen Liste stehen? Vielleicht ist der neue K\u00f6hlmeier und der neue Schindel dabei, die ich ja auch noch lesen mu\u00df.<br \/>\nJa, die Neuerscheinungen kommen und machen neugierig, die Leute schreiben eben sehr viel und wer wird das <a href=\"http:\/\/literaturgefluester.wordpress.com\/2013\/03\/15\/ungelesen\/\" title=\"Ungelesen\">alles lesen?<\/a> Diese Frage stellt sich immer noch und ist auch egal, denn ich lese was ich kann, bin dabei sicher an der Spitze, der Semiprofessionellen Literaturblogger oder erfolglos literarisch Schreibenden,  schreibe auch sehr viel und schnell und das auf mich aufmerksam machen, scheint mir immer noch nicht zu gelingen, ist aber ebenfalls egal, weil ich es ja offensichtlich nicht \u00e4ndern kann.<br \/>\nEin paar Hinweise auf Veranstaltungen sind am Dienstag auch zu mir gekommen, so findet n\u00e4chste Woche in Raabs an der Thaya  das j\u00e4hrliche &#8220;Poetenfest&#8221; des Richard Pils statt. 2000 habe ich da, glaube ich, einmal gelesen und meine &#8220;Wiener Verh\u00e4ltnisse&#8221; vorgestellt. Seither war ich nie mehr dort. Es hat mich auch niemand zum Lesen eingeladen, w\u00e4re aber vielleicht ein passender literarischer Ausflug, auch wenn man dort, glaube ich, Eintritt zahlen mu\u00df und einen Ank\u00fcndigungshinweis f\u00fcr literarische Veranstaltungen am 21. und 23. August in Schlo\u00df Kittsee, wo unter anderen, die Petra Ganglbauer liest, habe ich auch bekommen, aber das ist, glaube ich, ein Mittwoch und ein Freitag und Kittsee auch von Harland weit entfernt und ich will diese Sommerfrischenwoche haupts\u00e4chlich korrigieren und am Mittwoch, wenn ich es zusammenbringe mit dem Rad nach Herzogenburg fahren und auch ein bi\u00dfchen  beim &#8220;Lidl&#8221; einkaufen und wenn ich sehr flei\u00dfig bin, kann ich mich auch an meinen Schwendter-Text machen, den ich ja f\u00fcrs <a href=\"http:\/\/literaturgefluester.wordpress.com\/lesungen\/\">&#8220;Volksstimmefest&#8221;<\/a> schreiben will und f\u00fcr die Poet Night kann ich ihn vielleicht auch brauchen. Lesen werde ich nach der Helene Hegemann, die Thriller und Spannungsb\u00fccher, die ich mir  vorige Woche aus Wien mitgenommen habe, zweimal Sebastian Fitzek und ein Buch \u00fcber die &#8220;Welt der Lisbeth Salander&#8221; steht da auf der Liste, bis die deutsche Buchpreisliste bekanntgegeben wird und ich erfahre, was der literarisch Interessierte in diesem B\u00fccherhebst lesen soll, aber das bin ich ja gar nicht, meinen meine <a href=\"http:\/\/literaturgefluester.wordpress.com\/2013\/05\/29\/poesie-und-prosa-aus-karnten-triest-und-slowenien\/#comments\">Kritiker<\/a> immer wieder und so kann ich lesen und schreiben was und wie ich will und das habe ich in diesem Supersommer auch vor und wenn es mir noch ein bi\u00dfchen gelingen sollte, meine &#8220;Dreizehn Kapiteln&#8221; ein bi\u00dfchen literarisch zu korrigieren und damit auch Aufmerksamkeit zu bekommen, w\u00e4re das ja auch sehr sch\u00f6n.<\/p>\n","protected":false},"excerpt":{"rendered":"<p>Am Montagnachmittag habe ich, da ich erst ab f\u00fcnf zwei Stunden hatte, die Ruth um zwei zum Kaffee getroffen und sie hat mir ein Erdbeerparfait mitgebracht, das \u00fcber geblieben ist, weil Robert Eglhofer Geburtstag hatte. In der Sommerhitze sind wir &hellip; <a href=\"https:\/\/literaturgefluester.akis.site\/?p=23197\">Continue reading <span class=\"meta-nav\">&rarr;<\/span><\/a><\/p>\n","protected":false},"author":2,"featured_media":0,"comment_status":"open","ping_status":"open","sticky":false,"template":"","format":"standard","meta":{"footnotes":""},"categories":[41],"tags":[],"class_list":["post-23197","post","type-post","status-publish","format-standard","hentry","category-uncategorized"],"_links":{"self":[{"href":"https:\/\/literaturgefluester.akis.site\/index.php?rest_route=\/wp\/v2\/posts\/23197","targetHints":{"allow":["GET"]}}],"collection":[{"href":"https:\/\/literaturgefluester.akis.site\/index.php?rest_route=\/wp\/v2\/posts"}],"about":[{"href":"https:\/\/literaturgefluester.akis.site\/index.php?rest_route=\/wp\/v2\/types\/post"}],"author":[{"embeddable":true,"href":"https:\/\/literaturgefluester.akis.site\/index.php?rest_route=\/wp\/v2\/users\/2"}],"replies":[{"embeddable":true,"href":"https:\/\/literaturgefluester.akis.site\/index.php?rest_route=%2Fwp%2Fv2%2Fcomments&post=23197"}],"version-history":[{"count":0,"href":"https:\/\/literaturgefluester.akis.site\/index.php?rest_route=\/wp\/v2\/posts\/23197\/revisions"}],"wp:attachment":[{"href":"https:\/\/literaturgefluester.akis.site\/index.php?rest_route=%2Fwp%2Fv2%2Fmedia&parent=23197"}],"wp:term":[{"taxonomy":"category","embeddable":true,"href":"https:\/\/literaturgefluester.akis.site\/index.php?rest_route=%2Fwp%2Fv2%2Fcategories&post=23197"},{"taxonomy":"post_tag","embeddable":true,"href":"https:\/\/literaturgefluester.akis.site\/index.php?rest_route=%2Fwp%2Fv2%2Ftags&post=23197"}],"curies":[{"name":"wp","href":"https:\/\/api.w.org\/{rel}","templated":true}]}}