{"id":23149,"date":"2013-08-02T08:04:38","date_gmt":"2013-08-02T06:04:38","guid":{"rendered":"http:\/\/literaturgefluester.wordpress.com\/?p=23149"},"modified":"2013-08-02T08:04:38","modified_gmt":"2013-08-02T06:04:38","slug":"weiterschreiben-3","status":"publish","type":"post","link":"https:\/\/literaturgefluester.akis.site\/?p=23149","title":{"rendered":"Weiterschreiben"},"content":{"rendered":"<p>Jetzt ist es wieder ein bi\u00dfchen anders gekommen, denn ich habe am Mittwoch nach meinem <a href=\"http:\/\/literaturgefluester.wordpress.com\/2013\/07\/31\/zweite-woche-schreibklausur\/\">Klausurbericht<\/a>, Szene neun &#8220;Erich Fried-Preistr\u00e4ger&#8221;, die wieder nur etwa vier Seiten hatte, daf\u00fcr im Literaturhaus spielt und ein kleiner dicklicher Literaturhausleister im schwarzen Anzug h\u00e4lt eine Lobesrede. Dann habe ich Kapitel eins &#8220;B\u00fccher f\u00fcr zehn Jahre&#8221; und zwei &#8220;Die gesprengten Gr\u00e4ber kehren zur\u00fcck&#8221; korrigiert und bin mit der <a href=\"http:\/\/literaturgefluester.wordpress.com\/2013\/08\/01\/kein-kuss-unter-dieser-nummer\/\">Sophie Kinsella<\/a> in die Badewanne gestiegen und dort irgendwann ausgestiegen, weil so \u00fcbertrieben und das ist vielleicht vom Verlag so gewollt.<br \/>\nWenn ich sowas schreiben w\u00fcrde, habe ich gedacht und, da\u00df ich mich das gar nicht trauen w\u00fcrden und so besonders gestrafft, korrigiert und lektoriert ist es mir gar nicht vorgekommen. Am Donnerstag habe ich dann zu Ende korrigiert, im Bett gleich an dem Fr\u00fchst\u00fcck, ohne zu baden und Rad zu fahren und da sind auch meine <a href=\"http:\/\/literaturgefluester.wordpress.com\/2013\/07\/29\/schreiben-in-der-sommerhitze\/\">zwei verlorenen Personen<\/a> zu mir gekommen, beziehungswweise haben sie sich durch andere umgewandelt. Da\u00df der Rupert Mayerhofer, der pensionierte Schuldirektor, der seine Frau am Krebs verloren hat und nun eine Haush\u00e4lterin und Bettgenossin braucht, eine eigene Stimme bekommen k\u00f6nnte, habe ich mir schon vor zwei Wochen gedacht, als ich das &#8220;Kopftuchkapitel&#8221; geschrieben habe und die Schwester Dolores, die Krankenschwester, die aus Andalusien nach Wien in die Seniorenresidenz gekommen ist, um Laurenz Wolkner zu \u00e4rgern, ich wei\u00df, das habe ich auch schon ein paar Mal, alte Herrn und Damen in Seniorenresidenzen, die mit ihren Pflegern streiten, ob sie Tabletten zum Schlafen nehmen sollen, im <a href=\"http:\/\/www.jancak.at\/auszug_haus.html\">&#8220;Haus&#8221;<\/a> tut das eine pensionierte Frau Primar mit einer jungen \u00c4rztin, ist auch eine Idee.<br \/>\nIch habe das Ganze also durchgesehen, gestraft und mir in meinem gelben Buch Anmerkungen gemacht. Die Ruth ist jetzt von einer Architektin zu einer Menschenrechtsanw\u00e4ltin geworden, Jakob Pr\u00f6chtls Lektorin hei\u00dft Sibylle und nicht Sabine, denn so hei\u00dft ja schon Rupert Mayerhofers Ex-Gattin und ist f\u00fcr eine Lektorin auch kein so besonders sch\u00f6ner Name.<br \/>\nJetzt hat der Text, sechzig bzw. neunundf\u00fcnfzig Seiten, weil die sechzigste eine Leerseite sein k\u00f6nnte und 23.648 Worte, also immer noch kein halber Nanowrimo und ist in der L\u00e4nge so zwischen der <a href=\"http:\/\/www.jancak.at\/auszug_paulanebel.html\">&#8220;Paula Nebel&#8221;<\/a>, die 23.285 W\u00f6rter hat und dem &#8220;Haus&#8221; 30.450, die <a href=\"http:\/\/www.jancak.at\/auszug_mimi.html\">&#8220;Mimi&#8221;<\/a>, die ich am Mittwoch noch vor der &#8220;Kinsella&#8221; durchgelesen habe, hat 38.347 Worte.<br \/>\nEr ist aber noch nicht fertig, denn er hat ja erst neun Kapitel und als Kapitel zehn habe ich jetzt einmal &#8220;Der Mann im Trenchcoat&#8221; aufnotiert, das ist der Psychiater Stefan Horetzky, ein Patensohn Laurenz Wolkners, der Ruth Horvath einmal behandelt hat und Mia Miaschwilli im Supermarkt kennenlernte, als sie dort Binden und Schokolade f\u00fcr ihren Kleinen einkaufte. Das Kapitel elf k\u00f6nnte &#8220;Auf der Suche nach der verlorenen Frau&#8221; hei\u00dfen und am Friedhof spielen, da erz\u00e4hlt der Rupert seiner Sabine seine Erlebnisse, w\u00e4hrend er die Blumen gie\u00dft und \u00fcber das Schulsystem, das ihn sehr \u00e4rgert, k\u00f6nnte er auch resumieren. Das war ja auch so eine Idee und eine solche Person ist ja schon vor zwei oder drei Wochen auf meinem Kapitelplan gestanden.<br \/>\nDie Kapitel\u00fcberschrift f\u00fcr zw\u00f6lf habe ich noch nicht und das letzte k\u00f6nnte nicht in zehn Jahren, wenn die Laura mit ihren tausend B\u00fcchern fertig ist, sondern auf der Party handeln, wo die Nika kommt, Laurenz Wolkner mit Stephan Horetzky etc, weil das besser passt, weil es wahrscheinlich doch nicht der gro\u00dfe Roman, sondern eine eher dichte, flott angedeutete dreizehn Kapitelgeschichte werden k\u00f6nnte, die an die drei\u00dfigtausend Worte und siebzig Seiten haben k\u00f6nnte.<br \/>\n&#8220;Das Haus&#8221; hat f\u00fcnfundsechzig Rohseiten, in Buchform sind es ca hundertzwanzig, die &#8220;Paula&#8221; zweiundf\u00fcnfzig Seiten bzw. f\u00fcnfundachtzig.<br \/>\nAls ich bei der &#8220;Paula Nebel&#8221; vor mehr als einem Jahr so <a href=\"http:\/\/literaturgefluester.wordpress.com\/2012\/04\/22\/neue-wege-oder-standortklarung\/\">verzweifelt<\/a> war und nicht mehr weiterwu\u00dfte, hat mir die Judith Gruber-Rizy ein Mail geschrieben und etwa so gemeint, da\u00df ja auch etwas kurz sein kann und die <a href=\"http:\/\/www.jancak.at\/auszug_begrenzte_frau.html\">&#8220;Begrenzte Frau&#8221;<\/a> habe ich ihr vor Jahren auch mit der Frage \u00fcbergeben, was ich noch dazunehmen m\u00fc\u00dfte und sie hat geantwortet, ich solle es so lassen.<br \/>\nEs ist ja auch wirklich die Frage warum alles so lang sein mu\u00df, in der &#8220;K\u00fcrze liegt die W\u00fcrze &#8221; hei\u00dft es doch und der Dichter kommt vom &#8220;verdichten&#8221;.<br \/>\nDas ist vielleicht nur meine Vorstellung, da\u00df ich immer &#8220;Das ist noch nicht genug!&#8221; denke und auch verst\u00e4ndlich, denn vermutlich wird es so kommen, da\u00df ich da\u00df jetzt korrigiere, ein bi\u00dfchen was ab\u00e4ndere und in einem halben Jahr ein hundert oder hundertf\u00fcnfzig Seiten Buch haben werde, mein <a href=\"http:\/\/literaturgefluester.wordpress.com\/2013\/06\/13\/dreisig-fragen-zu-dreisig-buchern\/\">zweiunddrei\u00dfigstes<\/a> selbstgemachtes, das ich vielleicht auch auf Amazon stellen werde und keiner schauts an, wie die drei\u00dfig vorigen B\u00fccher.<br \/>\nSo werden die Leser auch meine Wiederholungen nicht merken, die wei\u00df nur ich und ich habe ja schon sehr viel geschrieben. Einige Themen sind nur angeri\u00dfen, meint jetzt wieder die Kritikerin und sonst habe ich mir ja schon einmal gedacht, ich k\u00f6nnte sowohl den &#8220;Mann&#8221; als auch die &#8220;Frau ohne Eigenschaften&#8221; schreiben und keiner merkts.<br \/>\nBeim &#8220;Mann k\u00f6nnte man ja sagen, den gibts schon und bei der &#8220;Frau&#8221; wahrscheinlich, das ist von Robert Musil inspiriert und die &#8220;Mimi&#8221; ist dann <a href=\"http:\/\/literaturgefluester.wordpress.com\/2011\/10\/26\/vorschau-auf-zwillingswelten\/#comments\">kitschig<\/a>, die <a href=\"http:\/\/www.jancak.at\/auszug_dorafaust.html\">&#8220;Dora Faust&#8221;<\/a> nicht originell, denn Romane \u00fcber den Literaturbetrieb klappen ja nie, wie mir einmal der Partner der literarischen Agentur der Diana Voigt, die es nicht mehr gibt, schrieb, obwohl es da <a href=\"http:\/\/literaturgefluester.wordpress.com\/2013\/05\/13\/denn-ihre-werke-folgen-ihnen-nach\/\">Gegenbeispiele<\/a> gibt. Aber die Literaturwerkstatt in der Marlene Schachinger t\u00e4tig ist, hat <a href=\"http:\/\/literaturgefluester.wordpress.com\/2009\/10\/22\/literarischer-schreibunterricht-teil-ii\/\">vor Jahren<\/a> eine Romanwerkstatt angeboten, wo dabei stand, da\u00df sie keine Teilnehmer nehmen, die selbst ver\u00f6ffentlichen.<br \/>\nIch w\u00e4re sowieso nicht hingegangen, aber wieso klappt es bei nie, ist schon eine Frage, die man stellen k\u00f6nnte und die ich auch stelle, jetzt denke ich aber, da\u00df ich Kapitel zehn und elf schreiben werde und vielleicht auch die beiden anderen, wenn sich nicht wieder etwas \u00e4ndern sollte.<br \/>\nDaf\u00fcr habe ich nur heute Zeit, weil wir am Wochenende auf den Hochschwab gehen und daf\u00fcr Schlafs\u00e4cke und Matten mitnehmen m\u00fc\u00dfen, weil wir zwar auf der Warteliste stehen und es auch noch ein bi\u00dfchen Platz, aber keine Matratzen mehr gibt.<br \/>\nAm Montag habe ich erst am Abend Stunden, da k\u00f6nnte ich, wenn ich wollte einen meiner <a href=\"http:\/\/literaturgefluester.wordpress.com\/2013\/06\/30\/sommerfrischen-stadtschreibwerkstadt\/\">f\u00fcnf Stunden-Recherchetage<\/a> machen, aber ob es mir mit einem fast fertigen Rohtext n\u00fctzt, eine <a href=\"http:\/\/literaturgefluester.wordpress.com\/2011\/06\/04\/bucherkastentour\/\">B\u00fccherkastentour<\/a> zu machen, mich in das touristische Wien zu st\u00fcrzen oder in den Morawa bzw. ins AKH zu setzen? Die Ruth Asp\u00f6ck hat mir auch vor zwei Wochen gesagt, da\u00df sie sich da vielleicht mit mir treffen will. Durchkorrigiert wird aber nach dem vorl\u00e4ufigen Beenden des Rohtextes sicher werden, das gro\u00dfe gelbe Buch herangezogen und nachgedacht, ob ich nicht doch das Ganze neu,  umschreiben, aufdr\u00f6seln, mich an meine Schwachstellen, etc machen will?<br \/>\nIch werde dar\u00fcber berichten, bin ein bi\u00dfchen ratlos, weil ich schon meine Schw\u00e4chen sehe und denke, da\u00df mir das Feedback und das Interesse der anderen fehlt. Das Eigene ist, glaube ich, da und die Disziplin, die Energie und der Flei\u00df, auch die Ideen und vielleicht auch schon ein bi\u00dfchen Routine. Gl\u00fcck habe ich, glaube ich, nicht sehr und den Verdacht, da\u00df sich mein <a href=\"http:\/\/literaturgefluester.wordpress.com\/2013\/07\/14\/der-weg-des-kunstlers\/\">Schutzengel<\/a> nicht sehr f\u00fcr Literatur interessiert und auch nichts davon versteht und so gesehen geht es mir nicht so schlecht, denn es ist mir in den letzten vierzehn Tagen wieder ein Rohtext von sechzig Seiten und ein dreizehn Kapitel-Konzept gelungen.<br \/>\nWas derzeit nicht geht, ist die konsequente Romanarbeit, die \u00fcber ein ganzes Jahr oder l\u00e4nger geht, da bin ich zu schnell, zu ungeduldig und ich werde auch immer schneller. Aber ob das in unserer schnelllebigen Zeit wirklich unbedingt ein Fehler ist, davon bin ich nicht mehr so ganz \u00fcberzeugt. Es ist, wie es ist und ich kann was ich kann!<br \/>\nWerde mich jetzt ans Weiterschreiben machen, dann das Ganze korrigieren und nat\u00fcrlich meinen interessierten oder desinteressierten Lesern berichten, wies mir damit ging.<\/p>\n","protected":false},"excerpt":{"rendered":"<p>Jetzt ist es wieder ein bi\u00dfchen anders gekommen, denn ich habe am Mittwoch nach meinem Klausurbericht, Szene neun &#8220;Erich Fried-Preistr\u00e4ger&#8221;, die wieder nur etwa vier Seiten hatte, daf\u00fcr im Literaturhaus spielt und ein kleiner dicklicher Literaturhausleister im schwarzen Anzug h\u00e4lt &hellip; <a href=\"https:\/\/literaturgefluester.akis.site\/?p=23149\">Continue reading <span class=\"meta-nav\">&rarr;<\/span><\/a><\/p>\n","protected":false},"author":2,"featured_media":0,"comment_status":"open","ping_status":"open","sticky":false,"template":"","format":"standard","meta":{"footnotes":""},"categories":[41],"tags":[],"class_list":["post-23149","post","type-post","status-publish","format-standard","hentry","category-uncategorized"],"_links":{"self":[{"href":"https:\/\/literaturgefluester.akis.site\/index.php?rest_route=\/wp\/v2\/posts\/23149","targetHints":{"allow":["GET"]}}],"collection":[{"href":"https:\/\/literaturgefluester.akis.site\/index.php?rest_route=\/wp\/v2\/posts"}],"about":[{"href":"https:\/\/literaturgefluester.akis.site\/index.php?rest_route=\/wp\/v2\/types\/post"}],"author":[{"embeddable":true,"href":"https:\/\/literaturgefluester.akis.site\/index.php?rest_route=\/wp\/v2\/users\/2"}],"replies":[{"embeddable":true,"href":"https:\/\/literaturgefluester.akis.site\/index.php?rest_route=%2Fwp%2Fv2%2Fcomments&post=23149"}],"version-history":[{"count":0,"href":"https:\/\/literaturgefluester.akis.site\/index.php?rest_route=\/wp\/v2\/posts\/23149\/revisions"}],"wp:attachment":[{"href":"https:\/\/literaturgefluester.akis.site\/index.php?rest_route=%2Fwp%2Fv2%2Fmedia&parent=23149"}],"wp:term":[{"taxonomy":"category","embeddable":true,"href":"https:\/\/literaturgefluester.akis.site\/index.php?rest_route=%2Fwp%2Fv2%2Fcategories&post=23149"},{"taxonomy":"post_tag","embeddable":true,"href":"https:\/\/literaturgefluester.akis.site\/index.php?rest_route=%2Fwp%2Fv2%2Ftags&post=23149"}],"curies":[{"name":"wp","href":"https:\/\/api.w.org\/{rel}","templated":true}]}}