{"id":22964,"date":"2013-07-25T21:58:08","date_gmt":"2013-07-25T19:58:08","guid":{"rendered":"http:\/\/literaturgefluester.wordpress.com\/?p=22964"},"modified":"2013-07-25T21:58:08","modified_gmt":"2013-07-25T19:58:08","slug":"st-polten-burgermeisterspezialfuhrung","status":"publish","type":"post","link":"https:\/\/literaturgefluester.akis.site\/?p=22964","title":{"rendered":"B\u00fcrgermeister-Spezialf\u00fchrung"},"content":{"rendered":"<p><a href=\"http:\/\/literaturgefluester.files.wordpress.com\/2013\/07\/20130725-1757161.jpg\"><img loading=\"lazy\" decoding=\"async\" src=\"http:\/\/literaturgefluester.files.wordpress.com\/2013\/07\/20130725-1757161.jpg?w=300\" alt=\"20130725-175716\" width=\"300\" height=\"198\" class=\"alignleft size-medium wp-image-22977\" \/><\/a><\/p>\n<p><a href=\"http:\/\/literaturgefluester.files.wordpress.com\/2013\/07\/20130725-1807571.jpg\"><img loading=\"lazy\" decoding=\"async\" src=\"http:\/\/literaturgefluester.files.wordpress.com\/2013\/07\/20130725-1807571.jpg?w=198\" alt=\"20130725-180757\" width=\"198\" height=\"300\" class=\"alignright size-medium wp-image-22978\" \/><\/a><\/p>\n<p>Zum Abschlu\u00df meines <a href=\"http:\/\/literaturgefluester.wordpress.com\/2013\/06\/30\/sommerfrischen-stadtschreibwerkstadt\/\">selbsterw\u00e4hlten Stadtschreibermonats<\/a> gab es ein ganz besonderes Schmankerl, auf das mich der Alfred aufmerksam gemacht hat, n\u00e4mlich eine Spezial-B\u00fcrgermeisterf\u00fchrung vom Rathaus durch die barocke Innenstadt zu den Ausgrabungen am Domplatz, ist Matthias Stadler ja Historiker und das habe ich mir trotz Schreibklausur, die ja auch ganz gut vorangeht, nicht entgehen lassen. Also vor sechs vor dem Rathaus eingetroffen, als ich bei meinem <a href=\"http:\/\/literaturgefluester.wordpress.com\/2013\/07\/17\/st-poltens-bucher\/\">ersten Stadtschreibertag<\/a> vor einer Woche am Rathaus vorbeigegangen bin, standen dort die Neos und riefen zur Unterst\u00fctzungserkl\u00e4rung auf, gibt es im Herst ja Wahl, jetzt standen da schon einige Leute und eine blonde Dame in einem Sommerkleid begr\u00fc\u00dfte freundlich. Kurz nach sechs kam  der B\u00fcrgermeister im blauen Anzug und gestreiften hellblauen Hemd mit der B\u00fcrgermeisterkette um den Hals, die eigentlich ins Stastmuseum geh\u00f6rte und f\u00fchrte in das Rathaus und das B\u00fcrgermeisterzimmer. Im Rathaus bin ich ja schon einmal bei dem <a href=\"http:\/\/literaturgefluester.wordpress.com\/2010\/09\/26\/literatur-in-st-polten\/\">H\u00f6fefest<\/a> gewesen, als dort die Dusl las und Anfang J\u00e4nner, als mein Schwiegervater begraben wurde, habe ich f\u00fcr die Kommunisten unterschrieben, weil man das in N\u00d6 ja auch mit einem Nebenwohnsitz kann und Stadtf\u00fchrungen habe ich auch schon zwei gemacht.<\/p>\n<p><a href=\"http:\/\/literaturgefluester.files.wordpress.com\/2013\/07\/20130725-184005.jpg\"><img loading=\"lazy\" decoding=\"async\" src=\"http:\/\/literaturgefluester.files.wordpress.com\/2013\/07\/20130725-184005.jpg?w=300\" alt=\"20130725-184005\" width=\"300\" height=\"198\" class=\"alignleft size-medium wp-image-22979\" \/><\/a><\/p>\n<p><a href=\"http:\/\/literaturgefluester.files.wordpress.com\/2013\/07\/20130725-185103.jpg\"><img loading=\"lazy\" decoding=\"async\" src=\"http:\/\/literaturgefluester.files.wordpress.com\/2013\/07\/20130725-185103.jpg?w=300\" alt=\"20130725-185103\" width=\"300\" height=\"198\" class=\"alignright size-medium wp-image-22980\" \/><\/a><\/p>\n<p>Ist Robert Eglhofer ja auch Stadtf\u00fchrer und f\u00fchrte uns einmal mit der Ruth, als sie bei uns Sylvester feierten durch die Stadt und durch den Dom und eine Spezialf\u00fchrung mit Ruths Freundinnen gab, wo wir mit dieser kleinen Bahn gefahren sind und in einer Konditorei Kakao getrunken haben, gab es auch einmal. Jetzt ging es aber in das B\u00fcrgermeisterzimmer und dort stand Wasser und Wein, zwar ein Wei\u00dfer, aber einer namens &#8220;Puppenfee&#8221;, wie der B\u00fcrgermeister erkl\u00e4rte, weil das ein Ballett ist, das in Viehofen geschrieben oder zumindest aufgef\u00fchrt wurde und B\u00fcrgermeister Stadler scheint ein wirklich kompetenter und beinahe manisch \u00fcbersprudelnder Mann, der erz\u00e4hlte und erz\u00e4hlte, da\u00df das barocke Rathaus, wann immer Geld daf\u00fcr vorhanden war, aus den gotischen und romanischen Fr\u00fchformen hochgezogen und daher sehr stilreich  sei. An der Decken gab es Fresken von Bramdtauer oder Daniel Gran, so genau habe ich es nicht verstanden, aber wundersch\u00f6ne Deckenbilder mit dem Adler als Symbol der Macht und dann noch Frauengestalte,n die die verschiedensten Tugenden, wie Glaube, Liebe, Hoffnung und dann noch Weisheit, Best\u00e4ndigkeit und Gerechtigkeit darstellen.<\/p>\n<p><a href=\"http:\/\/literaturgefluester.files.wordpress.com\/2013\/07\/20130725-1919431.jpg\"><img loading=\"lazy\" decoding=\"async\" src=\"http:\/\/literaturgefluester.files.wordpress.com\/2013\/07\/20130725-1919431.jpg?w=300\" alt=\"20130725-191943\" width=\"300\" height=\"198\" class=\"alignleft size-medium wp-image-22981\" \/><\/a><\/p>\n<p><a href=\"http:\/\/literaturgefluester.files.wordpress.com\/2013\/07\/20130725-193822.jpg\"><img loading=\"lazy\" decoding=\"async\" src=\"http:\/\/literaturgefluester.files.wordpress.com\/2013\/07\/20130725-193822.jpg?w=198\" alt=\"20130725-193822\" width=\"198\" height=\"300\" class=\"alignright size-medium wp-image-22982\" \/><\/a><\/p>\n<p>Nur mit der Gerechtigkeit hapert es ein wenig, denn 1945 kamen ja die Russen, besetzen das Rathaus und nahmen die Waage mit und eine alte Uhr gibt es auch, die eine Dame, die im B\u00fcrgerspital gut behandelt wurde, der Stadt hinterlassen hat und nat\u00fcrlich auch die Bildnisse der B\u00fcrgermeister, nicht alle, nur einige davon, Mathias Stadler ist der einundundrei\u00dfigste und der sechste der demokratisch gew\u00e4hlt wurde und die fr\u00fcheren B\u00fcrgermeister hatten auch noch Gerichtsbarkeit zu vertreten. Einige der B\u00fcrgermeister kannte ich, auf jeden Fall den vorletzten Willi Gruber und dann nat\u00fcrlich <a href=\"http:\/\/literaturgefluester.wordpress.com\/2009\/12\/12\/ein-haus-eine-spur-ein-roman\/\">Irene Wondratsch Gro\u00dfvater Hubert Schnofl<\/a>, die ja ein Buch dar\u00fcber geschrieben hat. Es gab aber auch einen Heinrich Raab und einen Otto Eybner, die ber\u00fchmte Verwandte haben.<br \/>\nDann ging es weiter in einen Saal, wo man die alten Mauern sehen konnte, durch den Sitzungssaal hinunter, wo es ein paar r\u00f6mische Funde und Urkunden zu bewundern gab, in einen Kellersaal, bevor es auf die Stra\u00dfe ging und der B\u00fcrgermeister den Rathausplatz erkl\u00e4rte. Das gibt es auch sehr viel Barockes und  Barock bei den englischen Fr\u00e4ulein und den Karmeliterkl\u00f6stern, die Joseph der II, aufgelassen hat. Der B\u00fcrgermeister sprach und sprach, die blonde Dame vom Tourismusb\u00fcro rief verzweifelt &#8220;Matthias, der Dompfarrer wartet um sieben!&#8221;<br \/>\nDer B\u00fcrgermeister hob die Hand, rief siegessicher &#8220;Das schaff ich schon!&#8221; und rannte fort in die andere Richtung. Erkl\u00e4rte das Gasthaus zu den &#8220;Drei Kronen&#8221; und die Poststationen, schlug ein Buch auf, um einen Brief Mozarts vorzulesen, der drei Tage lang mit der Kutsche von Salzburg nach Wien gefahren ist und in St. P\u00f6lten Station machte. Da gab es ja zwei Hauptstra\u00dfen, die Wiener- und die Linzerstra\u00dfe, die den Hauptverkehr bildeten, bis in die Drei\u00dfigerjahre ist man am scharfen Eck vorbei von Linz nach Wien oder in die andere Richtung gefahren.<\/p>\n<p><a href=\"http:\/\/literaturgefluester.files.wordpress.com\/2013\/07\/20130725-194131.jpg\"><img loading=\"lazy\" decoding=\"async\" src=\"http:\/\/literaturgefluester.files.wordpress.com\/2013\/07\/20130725-194131.jpg?w=198\" alt=\"20130725-194131\" width=\"198\" height=\"300\" class=\"alignleft size-medium wp-image-22983\" \/><\/a><\/p>\n<p><a href=\"http:\/\/literaturgefluester.files.wordpress.com\/2013\/07\/20130725-195036a.jpg\"><img loading=\"lazy\" decoding=\"async\" src=\"http:\/\/literaturgefluester.files.wordpress.com\/2013\/07\/20130725-195036a.jpg?w=300\" alt=\"20130725-195036a\" width=\"300\" height=\"198\" class=\"alignright size-medium wp-image-22984\" \/><\/a><\/p>\n<p>Erst als der Bahnhof gebaut wurde, haben die Stra\u00dfen mit der Kremsergasse, die heutige Hauptstra\u00dfe, Konkurrenz bekommen und ein Wiener und ein Linzertor hat es auch gegeben.<br \/>\nDann gingen wir durch die Herrengasse, wo der B\u00fcregermeister ebenfalls die verschiednen H\u00e4user erkl\u00e4rte und vorher hat er noch das Bildnis des Herrn gezeigt, der vor hundertzehn Jahren die Elektrizit\u00e4t nach St. P\u00f6lten brachte.<br \/>\nDann erreichten wir den Dom, der Dompfarrer sagte &#8220;Gr\u00fc\u00df Gott!&#8221; und die Dame vom Di\u00f6zesanmuseum, wo es derzeit eine Sonderausstellung namens &#8220;Credo&#8221; gibt, wartete, um uns die Bibliothek zu zeigen. Der B\u00fcrgermeister f\u00fchrte durch den Dom, in dem wir schon mit dem Robert waren und als die Gabriele, Alfreds Cousine, heiratete, sind wir auch dort gewesen. Erz\u00e4hlte uns vom Domprobst F\u00fchrer, der in Konkurs gegangen ist, so da\u00df der Dom von au\u00dfen ziemlich bescheiden wirkt, w\u00e4hrend er innen das herrlichste Barock enth\u00e4lt, das aber auch auf die gotischen und romanischen Formen aufgebaut wurde. Dann wollte der B\u00fcrgermeister noch in die Rosenkranzkapelle.<\/p>\n<p><a href=\"http:\/\/literaturgefluester.files.wordpress.com\/2013\/07\/20130725-200106.jpg\"><img loading=\"lazy\" decoding=\"async\" src=\"http:\/\/literaturgefluester.files.wordpress.com\/2013\/07\/20130725-200106.jpg?w=198\" alt=\"20130725-200106\" width=\"198\" height=\"300\" class=\"alignleft size-medium wp-image-22985\" \/><\/a><\/p>\n<p><a href=\"http:\/\/literaturgefluester.files.wordpress.com\/2013\/07\/20130725-200410.jpg\"><img loading=\"lazy\" decoding=\"async\" src=\"http:\/\/literaturgefluester.files.wordpress.com\/2013\/07\/20130725-200410.jpg?w=198\" alt=\"20130725-200410\" width=\"198\" height=\"300\" class=\"alignright size-medium wp-image-22986\" \/><\/a><\/p>\n<p>&#8220;Matthias!&#8221;, rief die Dame vom Tourismusb\u00fcro noch einmal verzweifelt, &#8220;die Frau vom Museum will nach Haus!&#8221;<br \/>\n&#8220;Das mache ich schon!&#8221;, war die Antwort mit erhobener Hand und wir stapften in den Keller, weil die Rosenkranzkapelle ein Ort ist, den nur wenige Leute kennen, wie auch die Klimt-Fresken am Sparkassahaus.<br \/>\nNach der F\u00fchrung durch die Stiftbibliothek und durch den Kreuzgang, mit dem wir schon mit Robert Eglhofer gewesen waren, ging es zu den Ausgrabungen am Domplatz, denn da war ja einmal ein r\u00f6misches Bad, dann ein Friedhof und eine Kirche, die von den Protestanten, oder war es umgekehrt, eingestampft wurde.<br \/>\nDer B\u00fcrgermeister lie\u00df sich zwei Pl\u00e4ne reichen und erz\u00e4hlte von den 800.000 Knochen, die inzwischen schon gefunden wurden und gab einen Einblick in das mittelalterliche Leben ohne Wasser, Strom und Kanalisation dann ging es zur\u00fcck zum Rathaus bzw. nebenan, dem im Haus Rathausplatz Nummer zwei hat Franz Schubert einmal gewohnt, an der Oper Alfonso und Estrella komponiert und eine Schubertiade aufgef\u00fchrt.<br \/>\nDa ist mir eingefallen, da\u00df es da vor Jahren eine F\u00fchrung mit Alois Eder gegeben hat, von der ich allerdings zu sp\u00e4t erfuhr und um Schubert und St. P\u00f6lten gibt es  die verschiedensten Legenden und es gibt auch das Schubertbr\u00fcndl bei der Ochsenburg und das Ger\u00fccht, da\u00df er dort,  &#8220;Am Brunnen vor dem Tore&#8221; komponiert h\u00e4tte, was wie Mathias Stadler erkl\u00e4rte, nicht stimmt. Der Bischof h\u00e4tte aber Schubert und seinen Freund Schober, die es in St. P\u00f6lten sehr lustig hatten und verschiedene Panscherln begannen auf die Ochsenburg verbannt und so sitze ich dort manchmal beim Bankerl vor dem Brunnen, lese oder schreibe eine<a href=\"http:\/\/literaturgefluester.wordpress.com\/2013\/07\/23\/samstag-in-st-polten-stadtschreibertext\/\"> Stadtschreibergeschichte<\/a>.<\/p>\n<p><a href=\"http:\/\/literaturgefluester.files.wordpress.com\/2013\/07\/20130725-202624.jpg\"><img loading=\"lazy\" decoding=\"async\" src=\"http:\/\/literaturgefluester.files.wordpress.com\/2013\/07\/20130725-202624.jpg?w=198\" alt=\"20130725-202624\" width=\"198\" height=\"300\" class=\"alignleft size-medium wp-image-22987\" \/><\/a><\/p>\n<p>Im Schubertzimmer gab es ein echtes Hammerklavier, auf dem Schubert spielte und der B\u00fcrgermeister wu\u00dfte auch \u00fcber ihm viel zu erz\u00e4hlen. Am Ende gab es noch die Ouvert\u00fcre aus der Oper und einen Katalog einer Ausstellung zu &#8220;Biedermeier und Vorm\u00e4rz&#8221;, wo es auch Bilder von Schubert zu sehen gibt, die 1982 in  Pottenbrunn stattfand, konnte man sich auch mitnehmen.<br \/>\nDann sind wir noch ein bi\u00dfchen auf den Rathausplatz gegangen, haben Chili con carne gegessen und Wein bzw. Bier getrunken. Den Film am Rathausplatz haben wir ausgelassen. Es war trotzdem ein wundersch\u00f6ner Abend und jetzt geht es weiter mit der <a href=\"http:\/\/literaturgefluester.wordpress.com\/2013\/07\/25\/schreibklausur-und-st-polten-themenspaziergang\/\">Schreibklausur<\/a>.<br \/>\nEs gibt wie ich dem aufliegenden Prospekt entnehme Stadtspazierg\u00e4nge zum Thema Barock, Jugenstil, Frauem etc f\u00fcr die man sich im Tourismusb\u00fcro anmelden kann. Wenn <a href=\"http:\/\/literaturgefluester.wordpress.com\/2009\/08\/08\/spurensuche\/\">man<\/a> <a href=\"http:\/\/literaturgefluester.wordpress.com\/2010\/07\/23\/aliens-im-klangturm-von-st-polten\/\">St.<\/a> <a href=\"http:\/\/literaturgefluester.wordpress.com\/2010\/07\/30\/besuch-im-residenz-verlag-und-sophie-hungers-fur-den-offenen-bucherschrank\/\">P\u00f6lten<\/a> <a href=\"http:\/\/literaturgefluester.wordpress.com\/2011\/04\/23\/ostersamstag-und-welttag-des-buchs\/\">literarisch<\/a> <a href=\"http:\/\/literaturgefluester.wordpress.com\/2010\/08\/19\/doris-kloimstein-und-hochsicherheitszone\/\">will<\/a>, <a href=\"http:\/\/literaturgefluester.wordpress.com\/2012\/12\/30\/funf-stunden-schreiben\/\">wird<\/a> <a href=\"http:\/\/literaturgefluester.wordpress.com\/2012\/07\/26\/st-polten-im-regen\/\">man<\/a> <a href=\"http:\/\/literaturgefluester.wordpress.com\/2012\/07\/28\/sommer-am-wasser\/\">im<\/a> <a href=\"http:\/\/literaturgefluester.wordpress.com\/2013\/07\/20\/niederosterreichs-literatur-im-aufbruch\/\">Literaturgefl\u00fcster<\/a> <a href=\"http:\/\/literaturgefluester.wordpress.com\/2013\/07\/21\/funf-bucher-in-viereinhalb-tagen\/\">einiges<\/a> <a href=\"http:\/\/literaturgefluester.wordpress.com\/2013\/07\/11\/das-schone-kleine-stadtschreiberbuch\/\">finden<\/a>. Die <a href=\"http:\/\/literaturgefluester.wordpress.com\/2013\/03\/30\/osterspaziergang-2\/\">Osterspazierg\u00e4nge<\/a> der <a href=\"http:\/\/literaturgefluester.wordpress.com\/2010\/05\/20\/etcetera-jubelaumslesung\/\">LiGes <\/a>gibt es auch.<\/p>\n","protected":false},"excerpt":{"rendered":"<p>Zum Abschlu\u00df meines selbsterw\u00e4hlten Stadtschreibermonats gab es ein ganz besonderes Schmankerl, auf das mich der Alfred aufmerksam gemacht hat, n\u00e4mlich eine Spezial-B\u00fcrgermeisterf\u00fchrung vom Rathaus durch die barocke Innenstadt zu den Ausgrabungen am Domplatz, ist Matthias Stadler ja Historiker und das &hellip; <a href=\"https:\/\/literaturgefluester.akis.site\/?p=22964\">Continue reading <span class=\"meta-nav\">&rarr;<\/span><\/a><\/p>\n","protected":false},"author":2,"featured_media":0,"comment_status":"open","ping_status":"open","sticky":false,"template":"","format":"standard","meta":{"footnotes":""},"categories":[41],"tags":[],"class_list":["post-22964","post","type-post","status-publish","format-standard","hentry","category-uncategorized"],"_links":{"self":[{"href":"https:\/\/literaturgefluester.akis.site\/index.php?rest_route=\/wp\/v2\/posts\/22964","targetHints":{"allow":["GET"]}}],"collection":[{"href":"https:\/\/literaturgefluester.akis.site\/index.php?rest_route=\/wp\/v2\/posts"}],"about":[{"href":"https:\/\/literaturgefluester.akis.site\/index.php?rest_route=\/wp\/v2\/types\/post"}],"author":[{"embeddable":true,"href":"https:\/\/literaturgefluester.akis.site\/index.php?rest_route=\/wp\/v2\/users\/2"}],"replies":[{"embeddable":true,"href":"https:\/\/literaturgefluester.akis.site\/index.php?rest_route=%2Fwp%2Fv2%2Fcomments&post=22964"}],"version-history":[{"count":0,"href":"https:\/\/literaturgefluester.akis.site\/index.php?rest_route=\/wp\/v2\/posts\/22964\/revisions"}],"wp:attachment":[{"href":"https:\/\/literaturgefluester.akis.site\/index.php?rest_route=%2Fwp%2Fv2%2Fmedia&parent=22964"}],"wp:term":[{"taxonomy":"category","embeddable":true,"href":"https:\/\/literaturgefluester.akis.site\/index.php?rest_route=%2Fwp%2Fv2%2Fcategories&post=22964"},{"taxonomy":"post_tag","embeddable":true,"href":"https:\/\/literaturgefluester.akis.site\/index.php?rest_route=%2Fwp%2Fv2%2Ftags&post=22964"}],"curies":[{"name":"wp","href":"https:\/\/api.w.org\/{rel}","templated":true}]}}