{"id":22915,"date":"2013-07-25T00:29:35","date_gmt":"2013-07-24T22:29:35","guid":{"rendered":"http:\/\/literaturgefluester.wordpress.com\/?p=22915"},"modified":"2013-07-25T00:29:35","modified_gmt":"2013-07-24T22:29:35","slug":"schreibklausur-und-st-polten-themenspaziergang","status":"publish","type":"post","link":"https:\/\/literaturgefluester.akis.site\/?p=22915","title":{"rendered":"Schreibklausur"},"content":{"rendered":"<p>Mit meinen <a href=\"http:\/\/literaturgefluester.wordpress.com\/2013\/06\/30\/sommerfrischen-stadtschreibwerkstadt\/\">Sommerfrischen-Stadtschreiberpl\u00e4nen<\/a> bin ich jetzt etwas durcheinandergekommen bzw. habe ich sie <a href=\"http:\/\/literaturgefluester.wordpress.com\/2013\/07\/24\/wieder-mal-ein-schreibbericht\/\">abge\u00e4ndert<\/a>, denn ich bin ja eine Schnelle und schon fest an der Romanarbeit, so da\u00df ein Spaziergang durch die Stadt bishin zum Residenz-Verlag nicht ganz passte und es mich eher in Richtung Schreibklausur dr\u00e4ngte. Zwar habe ich darauf fast ein dreiviertel Jahr gewartet, aber jetzt habe ich mit dem &#8220;13-Kapitel-Projekt&#8221; begonnen und es geht rasant dahin.<br \/>\nEin bi\u00dfchen habe ich schon dar\u00fcber berichtet, da\u00df mich das die <a href=\"http:\/\/literaturgefluester.wordpress.com\/2013\/07\/22\/in-die-vierte-sommerfrischewoche\/\">vierte Woche <\/a>begleiten wird  und jetzt denke ich, es ist besser zu schreiben und zu schreiben und dazwischen eine eher kurze Runde Rad zu fahren, bzw. in der Fr\u00fch und am Abend jeweils eine Stunde meine <a href=\"http:\/\/literaturgefluester.wordpress.com\/2013\/07\/13\/sommerbucher\/\">Sommerb\u00fccher<\/a> lesen. Wie gehabt also und die drei Wochen Stadtschreiberzeit, die ich mir gegeben habe, sind auch recht intensiv gewesen, so hat sich mein <a href=\"http:\/\/literaturgefluester.wordpress.com\/2013\/07\/11\/das-schone-kleine-stadtschreiberbuch\/\">Stadtschreiberalphabet<\/a> gef\u00fcllt und zu einer kleinen <a href=\"http:\/\/literaturgefluester.wordpress.com\/2013\/07\/23\/samstag-in-st-polten-stadtschreibertext\/\">Stadtschreibergeschichte <\/a>wurde ich am Samstag am Markt bzw. in der Eduscho-afebar auch inspiriert, ich bin in den <a href=\"http:\/\/literaturgefluester.wordpress.com\/2013\/07\/17\/st-poltens-bucher\/\">St. P\u00f6ltner Buchhandlungen<\/a> gewesen, habe mich ein bi\u00dfchen in meine <a href=\"http:\/\/literaturgefluester.wordpress.com\/2013\/07\/20\/niederosterreichs-literatur-im-aufbruch\/\">St. P\u00f6ltner Literaturgeschichte<\/a> vertieft, aber jetzt brennt es weiter zu schreiben, das <a href=\"http:\/\/literaturgefluester.wordpress.com\/2013\/06\/13\/dreisig-fragen-zu-dreisig-buchern\/\">zweiunddrei\u00dfigste Indie-Buch<\/a>, das ich dann ja auch einmal probeweise bei Amazon einstellen kann, um nicht restlos jenseitig und weg vom Fenster zu sein.<br \/>\nDenn ich schreibe und schreibe und eigentlich geht das ja ganz gut. Sehr gut geht das soar. Bis jetzt habe ich, vier Kapitelentw\u00fcrfe, siebenundzwanzig Seiten und zehntausendneunhunderteinundsiebzig W\u00f6rter und den Handlungsrahmen eigentlich auch ganz gut skizziert. So habe ich, glaube ich, auch die zw\u00f6lf Protagonisten oder Handlungstr\u00e4ger und einen ungef\u00e4hren Plan wohin das Ganze gehen soll. Ein Problem, wenn man so will, k\u00f6nnte darin bestehen, da\u00df ich wieder sehr schnell bin bzw. wieder k\u00fcrzer als geplant werde. Die dreizehn Kapitel werden k\u00fcrzere Geschichten und nicht wie geplant Kurzromane werden. Das ist wohl mein Problem, bzw. meine Eigenschaft und St\u00e4rke, um nicht so negativ zu formulieren. Man k\u00f6nnte ja auch sagen, da\u00df das Ganze damit dichter ist. Zwar ist zu bef\u00fcrchten, da\u00df ich mit dem Rohentwurf vielleicht schon Ende der Sommerfrische fertig bin, aber na und und macht ja nicht, weil es au\u00dfer mir erstens sowieso niemanden zu interessieren scheint und vielleicht auch weil es mein Stil sein k\u00f6nnte. Und ich glaube, es ist, dichter, fl\u00fc\u00dfiger und flie\u00dft auch mehr oder weniger problemlos aus mir heraus. Nat\u00fcrlich denkt es manchmal immer noch, das ist nicht gut genug! Das mu\u00df auch so sein, wenn ich mir die mangelnden Reaktionen um mich herum, bzw. das ist das <a href=\"http:\/\/literaturgefluester.wordpress.com\/2013\/02\/19\/schlecht-schreiben\/\">schlechteste<\/a>, was ich je gelesen habe, so ansehe, aber dann denke ich, da\u00df ich nat\u00fcrlich schreiben kann und das auch sehr flott und intensiv betreibe und vielleicht hilft mir auch die Schreibklausur, wo ich mich mich m\u00f6glichst nicht verzettle, dichter zu werden. Denn man kann ja auch die Sommerfrische zu einem Nanowrimo machen und dadurch weiterkommen. Dann m\u00fc\u00dfte mir noch gelingen, da\u00df das auch die anderen bemerken, aber das ist eine andere Geschichte und kann ich im Augenblick nur durch meine Schreiberichte zu beeinflu\u00dfen suchen.<br \/>\nAlso vier Kapiteln habe ich schon. Vorige Woche habe ich den Beginn, die erste Szene mit der Laura Augustin geschrieben und mehrmals umgearbeitet, bis ich damit zufrieden war. Am Montag folgte  das Ernst Schwarz Kapitel, die Geschichte jenes <a href=\"http:\/\/literaturgefluester.wordpress.com\/2013\/01\/26\/das-gesprengte-grab\/?preview=true\">Sinologen, der das &#8220;Gesprengte Grab&#8221;<\/a> herausgegeben hat. Dann habe ich mich am Dienstag mit der Uschy Bischof nach Teheran begeben und am Mittwoch die Weihnachtsfrau Nika Horvath vorgestellt, die werde ich vielleicht auch im Dezember f\u00fcr einen eventuellen Adventkalender verwenden.<br \/>\nWies weitergeht wei\u00df ich wieder nicht so ganz genau, habe aber einiges aufgeschrieben, da gibt es ja das lesbische Paar Ruth Horvath und Vera Mosebach, deren Klienten Jakob Pr\u00f6chtl, einem ehemaligen Plagiatsautor der jetzt den Erich Fried-Preis bekommt und seine Geschichte der Bloggerin Vera erz\u00e4hlt, die darunter leidet, da\u00df sich niemand f\u00fcr ihren Blog interessiert, den Alzheimerpatienten Laurenz Wolkner und dessen Psychiater Stephan Horetzky u.u.u.<br \/>\nEin wenig krankt es noch daran, da\u00df ich mir ein bi\u00dfchen schwer tue, an die Ernsthaftigkeit eines Romans zu glauben, irgendwie bin ich ja immer noch zu schnell unterwegs, obwohl ich andererseits konzentriert arbeite und auch damit zufrieden bin. Da\u00df ich schreiben kann, glaube ich inzwischen und ich vergleiche mich ja auch permanent mit dem was ich lese und da habe ich vorhin die <a href=\"http:\/\/literaturgefluester.wordpress.com\/2013\/07\/26\/sommertochter\/\">&#8220;Sommert\u00f6chter&#8221; der jungen Autorin Lisa-Maria Seydlitz <\/a>durchgearbeitet und war gar nicht so begeistert, obwohl die Sprache nat\u00fcrlich viel dichter ist und die ein Hochschulstudium in Hildesheim hinter sich hat und als n\u00e4chstes kommt <a href=\"http:\/\/literaturgefluester.wordpress.com\/2013\/07\/15\/martina-gerckes-neues-buch\/\">Martina Gerckes neues Buch &#8220;Gl\u00fccksstern mit Schwips&#8221;<\/a> an die Reihe, also werde ich wiedermal ein E-Book und ein Chicklit lesen. Davor habe ich ja, glaube ich, auch immer ein bi\u00dfchen Angst, da\u00df ich dahin abgleiten k\u00f6nnte. Aber ich schreibe psychologisch realistisch und habe da auch einige interessante Themen, wie man meinen k\u00f6nnte und aus Wien habe ich mir einen Stapel Sommerb\u00fccher mitgebracht, zwei Krimis, die Sophie Kinsella und ein Buch \u00fcber die Welt der &#8220;Lisbeth Salander&#8221; aber bevorzugt will ich ja schreiben und erst wieder nach Herzogenburg oder woanders hinfahren, wenn ich mit dem Rohentwurf fertig bin.<br \/>\nStimmt nicht ganz, am Samstag geht es auf den Markt, um den Alfred dort zu treffen und am Donnerstagabend gibt es auch einen Sonderthemenspaziergang mit dem B\u00fcrgermeister zu dem ich mich angemeldet habe. Da soll es erst durch das barocke St. P\u00f6lten und dann zu den Ausgrabungen am Domplatz gehen und dann mit dem Alfred auf den Rathausplatz zum Filmfestival und am Sonntag fahren wir zum Martin nach Pernitz. Aber dazwischen schreiben und das ist spannend und interessant und es tut sich auch sonst ein bi\u00dfchen, die tote Sommerhosenzeit scheint derzeit vorbei zu sein, so laufen seit dem Tod von <a href=\"http:\/\/literaturgefluester.wordpress.com\/2013\/07\/23\/nachruf-auf-rolf-schwendter\/\">Rolf Schwendter<\/a> beim Alfred die Anfragen nach Fotos an, weil offenbar nur wir die aktuellen haben und das ist ja interessant f\u00fcr die, die immer auf mein Bloggen schimpfen. Einen kleinen Text f\u00fcr das Volksstimmefest bez\u00fcglich Rolf Schwendter k\u00f6nnte ich auch noch schreiben. Der <a href=\"http:\/\/literaturgefluester.wordpress.com\/2013\/05\/03\/mai-schreiben\/\">&#8220;Maimi\u00dfbrauch&#8221;<\/a> ist ohnehin sehr kurz. Und Petra Ganglbauer hat eine Rezension der <a href=\"http:\/\/www.jancak.at\/auszug_paulanebel.html\">&#8220;Paula Nebel&#8221;<\/a> geschrieben.<br \/>\nSonst steht die Longlist des Fm4 Preises fest, da ist <a href=\"http:\/\/literaturgefluester.wordpress.com\/2011\/06\/14\/katharina-tiwald-bei-den-wilden-worten\/\">Katharina Tiwald<\/a> dabei, die es ja immer wieder schafft literarisch <a href=\"http:\/\/literaturgefluester.wordpress.com\/2010\/02\/08\/preisgeschehen-2\/\">aufzufallen<\/a> und sich offenbar auch unerm\u00fcdlich durch den  hierarchisierten Literaturdschungel k\u00e4mpft. Ihre <a href=\"http:\/\/literaturgefluester.wordpress.com\/2009\/04\/02\/lex-list-12\/\">&#8220;Messe f\u00fcr eine&#8221;<\/a> habe ich auch auf der Leseliste, aber das wird noch etwas dauern bis ich dahin komme, derzeit bin ich ja bei den Sommerb\u00fcchern und bei meinem &#8220;13-Kapitel-Roman&#8221;, solang oder so kurz der auch werden wird.<\/p>\n","protected":false},"excerpt":{"rendered":"<p>Mit meinen Sommerfrischen-Stadtschreiberpl\u00e4nen bin ich jetzt etwas durcheinandergekommen bzw. habe ich sie abge\u00e4ndert, denn ich bin ja eine Schnelle und schon fest an der Romanarbeit, so da\u00df ein Spaziergang durch die Stadt bishin zum Residenz-Verlag nicht ganz passte und es &hellip; <a href=\"https:\/\/literaturgefluester.akis.site\/?p=22915\">Continue reading <span class=\"meta-nav\">&rarr;<\/span><\/a><\/p>\n","protected":false},"author":2,"featured_media":0,"comment_status":"open","ping_status":"open","sticky":false,"template":"","format":"standard","meta":{"footnotes":""},"categories":[41],"tags":[],"class_list":["post-22915","post","type-post","status-publish","format-standard","hentry","category-uncategorized"],"_links":{"self":[{"href":"https:\/\/literaturgefluester.akis.site\/index.php?rest_route=\/wp\/v2\/posts\/22915","targetHints":{"allow":["GET"]}}],"collection":[{"href":"https:\/\/literaturgefluester.akis.site\/index.php?rest_route=\/wp\/v2\/posts"}],"about":[{"href":"https:\/\/literaturgefluester.akis.site\/index.php?rest_route=\/wp\/v2\/types\/post"}],"author":[{"embeddable":true,"href":"https:\/\/literaturgefluester.akis.site\/index.php?rest_route=\/wp\/v2\/users\/2"}],"replies":[{"embeddable":true,"href":"https:\/\/literaturgefluester.akis.site\/index.php?rest_route=%2Fwp%2Fv2%2Fcomments&post=22915"}],"version-history":[{"count":0,"href":"https:\/\/literaturgefluester.akis.site\/index.php?rest_route=\/wp\/v2\/posts\/22915\/revisions"}],"wp:attachment":[{"href":"https:\/\/literaturgefluester.akis.site\/index.php?rest_route=%2Fwp%2Fv2%2Fmedia&parent=22915"}],"wp:term":[{"taxonomy":"category","embeddable":true,"href":"https:\/\/literaturgefluester.akis.site\/index.php?rest_route=%2Fwp%2Fv2%2Fcategories&post=22915"},{"taxonomy":"post_tag","embeddable":true,"href":"https:\/\/literaturgefluester.akis.site\/index.php?rest_route=%2Fwp%2Fv2%2Ftags&post=22915"}],"curies":[{"name":"wp","href":"https:\/\/api.w.org\/{rel}","templated":true}]}}