{"id":21083,"date":"2013-04-25T00:49:13","date_gmt":"2013-04-24T22:49:13","guid":{"rendered":"http:\/\/literaturgefluester.wordpress.com\/?p=21083"},"modified":"2013-04-25T00:49:13","modified_gmt":"2013-04-24T22:49:13","slug":"herbert-j-wimmers-literarischer-konstruktivismus","status":"publish","type":"post","link":"https:\/\/literaturgefluester.akis.site\/?p=21083","title":{"rendered":"Herbert J. Wimmers literarischer Konstruktivismus"},"content":{"rendered":"<p>Jetzt ist sich die Pr\u00e4sentation von Herbert J. Wimmers neuen Roman &#8220;Membran&#8221;, 224 Seiten, in der Edition Sonderzahl erschienen, wie neun andere seiner B\u00fccher, doch noch ausgegangen und es ist wieder ein Buch, wo es schwer f\u00e4llt einen Roman darin zu sehen oder viele wahrscheinlichen sagen w\u00fcrden, das ist keiner, weil kein Plot, keine Handlung, keine Pr\u00e4misse, aber vielleicht gibt es das alles, wenn auch in einer sehr experiminentellen Art und da die experimentelle Literatur in der Alten Schmiede ihr Publikum hat, sind auch viele der Wimmer-Gerstl-Freunde zu der Lesung gekommen. Margret Kraindl, Lukas Cepek, Christiane Zintzen, Friedrich Achlaitner, Christel Fallenstein und noch ein paar andere Stammg\u00e4ste, die ich nur vom Sehen kenne.<br \/>\nDer Lehrer aus Retz war da und Dieter Bandhauer der Verleger und den habe ich schon am <a href=\"http:\/\/literaturgefluester.wordpress.com\/2013\/04\/22\/schonste-bucher-zum-auftakt-des-welttags-des-buches\/\">Montag<\/a> gesehen, war ja eines seiner B\u00fccher, bei denen, die dort vorgestellt wurden und ich habe jetzt doch die &#8220;Waldviertel-Anthologie&#8221;, das Buch zum Welttag des Buches bekommen, was gar nicht so leicht war, denn beim &#8220;Frick&#8221; war es schon aus, beim &#8220;Morawa&#8221; sind noch drei St\u00fcck bei der hinteren Kasse gelegen und wenn dieses Buch dem Publikumsgeschmack entsprechend, auch nicht experimentell sein kann, hat es doch eine interessante Textauswahl, ein paar Kramer-Gedichte, ein Text von Norbert Silberbauer u.u.u.<br \/>\nIn der Alten Schmiede hat die Kunstprofessorin und Philosophin Elisabeth von Samsonow, die Friederike Mayr\u00f6cker manchmal in ihren Texten erw\u00e4hnt, die Einleitung gehalten und gesagt, da\u00df sie sich zur Vorbereitung alle Wimmer-B\u00fccher besorgt h\u00e4tte, um zu sehen, welche Beziehungen sie zu dem neuen haben. Sie hat auch viel gefunden und mit der Zahlenmystik begonnen, sehr viele Wimmer-B\u00fccher sind in Zahlenkuben angelegt und dieses ist eigentlich eine Hommage an Elfriede Gerstl, erz\u00e4hlt das Leben vor mit und nach ihr, verwendet bekannte Figuren wie Blauensteiner und Grit und Herbert J. Wimmer hat dann ein paar Stellen aus seinem Buch gelesen, das, wie viele seiner B\u00fccher, &#8220;Autostop&#8221; oder &#8220;Innere Stadt&#8221; zum Beispiel, die B\u00fccher, die ich von ihm habe und endlich auf meine <a href=\"http:\/\/literaturgefluester.wordpress.com\/leseliste\/\">Leseliste<\/a> setzen sollte, mit der Stadt verortet sind, so beginnt und endet es mit der &#8220;Kleeblattgasse&#8221;, wo Elfriede Gerstl mit ihrer Mutter wohnte. Dann kommen Stellen, wo eine Philosophie des Gehens durch Wiener Kaffeeh\u00e4user und Konditoreien angedacht war und eine, die in <a href=\"http:\/\/literaturgefluester.wordpress.com\/2012\/01\/10\/alle-wege\/\">Rom in der Stra\u00dfe spielt, wo die K\u00fcnstlerwohnung des BUMUKs<\/a> liegt, in der auch Elfriede Gerstl und Herbert J. Wimmer eine Zeit verbracht haben. Es beginnt  immer mit Gerstl S\u00e4tzen und die Zahlen kommen nat\u00fcrlich auch vor und da hat Elisabeth von Samsonow noch angemerkt, da\u00df sie sich eines der Wimmer-B\u00fccher aus der Bibliothek des Germanistischen Instituts geholt hat, in dem es keine Zahlen gibt, das hat ein Leser dann nicht ausgehalten und fein s\u00e4uberlich mit Bleistift 1- 120 hingeschrieben.<br \/>\nAm Schlu\u00df gabs noch ein Gespr\u00e4ch und den Hinweis, da\u00df das Kleid das Elisabeth von Samsonow trug aus dem ber\u00fchmten Gerstl-Kleiderfundus stammte. Herbert J. Wimmer hat das Buch schon vor zehn Jahren angedacht, dann zwischenzeitlich etwas anderes geschreiben und nach dem <a href=\"http:\/\/literaturgefluester.wordpress.com\/2009\/04\/09\/osterferien-und-gerstl-nachruf\/\">Gerstl-Tod<\/a> zwei Jahre nur Gedichte und keine Prosa schreiben k\u00f6nnen, so da\u00df er die Arbeit an dem Roman erst Ende 2011 wieder aufnahm. Kurt Neumann wies  auf den B\u00fcchertisch, aber ich habe ja einiges von dem Autor, das ich noch lesen mu\u00df und ihn auch schon <a href=\"http:\/\/literaturgefluester.wordpress.com\/2013\/01\/08\/dicht-fest-ins-neue-jahr\/\">bei<\/a> <a href=\"http:\/\/literaturgefluester.wordpress.com\/2012\/12\/05\/zwei-klever-bucher\/\">mehreren<\/a> <a href=\"http:\/\/literaturgefluester.wordpress.com\/2010\/06\/11\/zum-dritten-mal-gesellschaft-fur-literatur\/\">Lesungen<\/a> geh\u00f6rt, ist er in der Alten Schmiede ja ein <a href=\"http:\/\/literaturgefluester.wordpress.com\/2011\/12\/05\/lockergedichte-und-kratochvil-roman\/\">gern<\/a> <a href=\"http:\/\/literaturgefluester.wordpress.com\/2012\/06\/13\/wer-ist-denn-schon-zu-hause-bei-sich\/\">gesehener<\/a> <a href=\"http:\/\/literaturgefluester.wordpress.com\/2012\/11\/13\/privatroman-und-abschied\/\">Gast<\/a> und hat einmal sogar, lang lang ists her die Textvorstellungen moderiert.<\/p>\n","protected":false},"excerpt":{"rendered":"<p>Jetzt ist sich die Pr\u00e4sentation von Herbert J. Wimmers neuen Roman &#8220;Membran&#8221;, 224 Seiten, in der Edition Sonderzahl erschienen, wie neun andere seiner B\u00fccher, doch noch ausgegangen und es ist wieder ein Buch, wo es schwer f\u00e4llt einen Roman darin &hellip; <a href=\"https:\/\/literaturgefluester.akis.site\/?p=21083\">Continue reading <span class=\"meta-nav\">&rarr;<\/span><\/a><\/p>\n","protected":false},"author":2,"featured_media":0,"comment_status":"open","ping_status":"open","sticky":false,"template":"","format":"standard","meta":{"footnotes":""},"categories":[41],"tags":[],"class_list":["post-21083","post","type-post","status-publish","format-standard","hentry","category-uncategorized"],"_links":{"self":[{"href":"https:\/\/literaturgefluester.akis.site\/index.php?rest_route=\/wp\/v2\/posts\/21083","targetHints":{"allow":["GET"]}}],"collection":[{"href":"https:\/\/literaturgefluester.akis.site\/index.php?rest_route=\/wp\/v2\/posts"}],"about":[{"href":"https:\/\/literaturgefluester.akis.site\/index.php?rest_route=\/wp\/v2\/types\/post"}],"author":[{"embeddable":true,"href":"https:\/\/literaturgefluester.akis.site\/index.php?rest_route=\/wp\/v2\/users\/2"}],"replies":[{"embeddable":true,"href":"https:\/\/literaturgefluester.akis.site\/index.php?rest_route=%2Fwp%2Fv2%2Fcomments&post=21083"}],"version-history":[{"count":0,"href":"https:\/\/literaturgefluester.akis.site\/index.php?rest_route=\/wp\/v2\/posts\/21083\/revisions"}],"wp:attachment":[{"href":"https:\/\/literaturgefluester.akis.site\/index.php?rest_route=%2Fwp%2Fv2%2Fmedia&parent=21083"}],"wp:term":[{"taxonomy":"category","embeddable":true,"href":"https:\/\/literaturgefluester.akis.site\/index.php?rest_route=%2Fwp%2Fv2%2Fcategories&post=21083"},{"taxonomy":"post_tag","embeddable":true,"href":"https:\/\/literaturgefluester.akis.site\/index.php?rest_route=%2Fwp%2Fv2%2Ftags&post=21083"}],"curies":[{"name":"wp","href":"https:\/\/api.w.org\/{rel}","templated":true}]}}