{"id":21040,"date":"2013-04-22T22:37:27","date_gmt":"2013-04-22T20:37:27","guid":{"rendered":"http:\/\/literaturgefluester.wordpress.com\/?p=21040"},"modified":"2013-04-22T22:37:27","modified_gmt":"2013-04-22T20:37:27","slug":"schonste-bucher-zum-auftakt-des-welttags-des-buches","status":"publish","type":"post","link":"https:\/\/literaturgefluester.akis.site\/?p=21040","title":{"rendered":"Sch\u00f6nste B\u00fccher zum Auftakt des Welttags des Buches"},"content":{"rendered":"<p>Seit sechzig Jahren gibt es die Aktion &#8220;Die sch\u00f6nsten B\u00fccher \u00d6sterreichs&#8221;, wo die Graphik z\u00e4hlt, das Layout und die Gestaltung, veranstaltet vom Hauptverband des Buchhandels und dem Bundesministerium, auf der Seite <a href=\"http:\/\/www.schoenstebuecher.at\/show_content.php?sid=103\">www.buecher.at<\/a> wird immer dazu aufgerufen und <a href=\"http:\/\/literaturgefluester.wordpress.com\/2011\/10\/16\/die-nacht-der-lichter\/#comments\">JuSophie <\/a>hat mich auch einmal aufgefordert, statt zu jammern etwas zu tun und mich daf\u00fcr zu bewerben, aber ob meine<a href=\"http:\/\/literaturgefluester.wordpress.com\/2012\/02\/12\/cover-fragen\/\"> selbstgemachten Indie-B\u00fccher<\/a>, die meistens ein Foto als Cover und ganz selten ein <a href=\"http:\/\/www.jancak.at\/auszug_trotzdem.html\">Design<\/a> <a href=\"http:\/\/www.jancak.at\/auszug_novembernebel.html\">von der Anna<\/a>, die auch keine ausgebildetete Graphikerin ist, da eine Chance haben. Ich habe nachgeschaut, gesehen, man mu\u00df ein Nenngeld zahlen und die Aktion dann gelassen, von der Veranstaltung, die meistens im Radio Kulturhaus stattfand, habe ich aber \u00fcber buecher.at erfahren und voriges Jahr auch hingeschrieben, weil in der Radiokulturhauszeitschrift stand, da\u00df man daf\u00fcr zwar keine Karten kaufen, aber ein paar Karten gewinnen kann und keine Antwort erhalten. Macht ja nichts, war ohnehin ein Donnerstag, wo ich einen Fix-Klienten habe. Jetzt macht aber Ingrid F\u00fchrer die Pressearbeit f\u00fcr den Hauptverband und schickt mir immer ihre Mitteilungen. Da habe ich sie gefragt, ob ich eine Einladung bekommen kann, sie wirds versuchen, ich soll aber nicht b\u00f6s sein, wenn nicht, hat sie mir geantwortet und ich habe mir gedacht, das wird dann sicher nichts, es ist aber eine Einladung aus dem BUMUK gekommen und da habe ich dann noch gemerkt, da\u00df in der Alten Schmiede die <a href=\"http:\/\/literaturgefluester.wordpress.com\/2012\/07\/08\/den-bachmannpreis-gewinnen\/\">Olga Martynova<\/a> gewesen w\u00e4re, offensichtlich kann man es mir nie recht machen und am Nachmittag gabs auch noch einen Vortrag im Rahmen des &#8220;Wiener Dialoges Frauengesundheit&#8221; zum Thema &#8220;Frauen K\u00f6rper, Gesundheit und Macht&#8221;, da habe ich mich dann bem\u00fcht, dem Dreizehnj\u00e4hrigen, dem pl\u00f6tzlich schwindlig wird, weil er sich in der Schule und auch beim \u00dcbersetzen f\u00fcr seine Eltern, offenbar sehr anstrengt, besonders schnell zu erkl\u00e4ren, wie er eine Panikattacke verhindern kann und bin dann losgezogen und die Journalistin Sybille Hamann hat  zwar nichts wirklich Neues dar\u00fcber erz\u00e4hlt, wie dem weiblichen K\u00f6rper durch Burkas, Tschadors, Beschneidungen, Pograpschen, etc Gewalt angetan wird, sie hat es aber besonders eindrucksvoll getan, so gab es eine lange Diskussion und als Beate Wimmer-Buchinger um zwanzig vor sieben endlich das Buffet er\u00f6ffnen wollte, hat sich noch eine Frau gemeldet, die noch unbedingt etwas sagen wollte, so da\u00df ich darauf verzichten mu\u00dfte und in den Audienzsaal des BUMUKs am Minoritenplatz, wo die Veranstaltung diesmal stattfand, aufgebrochen bin.<br \/>\nDort war es schon sehr voll und Thomas Maurer hat alsbald mit seiner Moderation begonnen, das hei\u00dft die Frau Minister hat vorher er\u00f6ffnet und gesagt, da\u00df diese Veranstaltung ihre allerliebste sei. F\u00fcnfzehn B\u00fccher wurden aus den \u00fcber vierhundert Einreichungen von einer Jury, der unter anderen auch Zitha Bereuther angeh\u00f6rte, ausgew\u00e4hlt, von denen dann drei einen Staatspreis bekamen.<br \/>\nThomas Maurer erkl\u00e4rte die Kategorien, Sachbuch und Wissenschaft, Foto und Kunst, allgemeine Literatur und Sonderpreise f\u00fcr nicht im Buchhandel erh\u00e4ltliches, wozu dann meine B\u00fccher z\u00e4hlen w\u00fcrden, wenn sie es soweit schafften. Die Kinderb\u00fccher wurden heuer \u00fcberhaupt nicht nominiert. Thomas Maurer zeigte aber trotzdem zwei hoch, dann wurden die B\u00fccher einzeln vorgestellt und ein Haufen Leute vom Gestalter zum Verleger auf die B\u00fchne gebeten, die ihre B\u00fccher erkl\u00e4rten und fotografiert wurden. Da gab es Ausstellungskataloge, ein Tierbuch f\u00fcr Kinder, das man wie einen Leporello ausziehen kann, ein Fotobuch, eine Dimplomarbeit, ein Buch mit Texten von Ruth Weiss, eines \u00fcber Wildtee und und und.<br \/>\nNach einer musikalischen Einlage erschien dann die Frau Minister, erz\u00e4hlte, was ihre n\u00e4chsten literarischen Veranstaltungen w\u00e4ren und \u00f6ffnete die Kuverts mit den drei Preistr\u00e4gern.<br \/>\n&#8220;Das Bild der Anderen&#8221; Fotografien von Vera Brandner, &#8220;Hands have no tears to flow&#8221; und &#8220;Unbuildable Tatlin&#8221;, waren das. Dann gabs ein Buffet, Br\u00f6tchen und was S\u00fc\u00dfen, so da\u00df ich im Ringturm nicht wirklich was vers\u00e4umt habe. Man konnte sich auch die B\u00fccher ansehen und ein bi\u00dfchen Smalltalks treiben, die Brigitte, die Nachbarin der Linders war da und ich konnte bewundernd zusehenn, wie sie in Kontakt mit den meist sehr jungen Preistr\u00e4gern kam. Mir gelingt das lange nicht so gut, aber ich bin eben introvertiert und Thomas Maurer hat am Beginn der Veranstaltung Gerald Schantin, den Pr\u00e4sidenten auch gefragt, ob die pr\u00e4mierten B\u00fccher morgen in den Auslagen der Buchhandlungen aufliegen w\u00fcrden?<br \/>\nDer dr\u00fcckte sich herum, sie oder andere und ich habe beim Hingehen zum Ringturm schon bei Kuppitsch angefragt, ob es schon das Buch zum Welttag g\u00e4be? Gab es noch nicht und es lag auch nicht, wie ich fast gehofft habe, bei der Veranstaltung auf, also werde ich es vielleicht morgen bekommen, wenn ich in die Hauptb\u00fccherei gehe, kann aber, weil es so sch\u00f6n zum Thema passt und meine fast drei\u00dfig Indie-B\u00fccher ja auch sehr sch\u00f6n sind, jetzt schon auf die Aktion &#8220;Blogger schenken Lesefreude hinweisen&#8221;.<br \/>\nDa gab es ja in Deutschland <a href=\"http:\/\/literaturgefluester.wordpress.com\/2012\/04\/22\/neue-wege-oder-standortklarung\/\">voriges Jahr eine gro\u00dfe Aktion<\/a>, wo man sich eine Kiste mit dreiunddrei\u00dfig B\u00fccher bestellen und sie dann verteilen konnte.<br \/>\nDas gibt es nicht mehr. W\u00e4hrend in \u00d6sterreich Alfred Komarek die Anthologie &#8220;Erlesenes Waldviertel&#8221;, mit Gerald Schantin zusammengestellt hat, daf\u00fcr gibts eine Aktion, wo Blogger ein Buch verschenken und obwohl ich mich da nicht registriert habe, schlie\u00dfe ich mich gerne an und vergebe an den ersten bzw. verlose ich, wenn sich morgen mehrere Interessenten melden sollte, eines <a href=\"http:\/\/www.jancak.at\/buecher.html\">meiner B\u00fccher<\/a>, so weit vorhanden nach Wahl. Das hei\u00dft in \u00d6sterreich schicke ich es zu, nach Deutschland oder anderswo versuche ich es als PDF bzw. E-Buchform zu versenden. Traut euch also Leute, wenn ihr wissen wollt, was in meinen selbstgemachten B\u00fcchern steht Sie bei\u00dfen nicht, das kann ich euch versichern!<br \/>\nIch bin gespannt, ob sich jemand meldet, w\u00fcnsche einen sch\u00f6nen Tag des Buches und habe mich ein bi\u00dfchen \u00fcber das <a href=\"http:\/\/www.literaturcafe.de\/peter-stamm-agnes-oder-wie-man-schuelern-die-lust-am-lesen-austreibt\/\">Literaturcafe und die dortige Diskussion bez\u00fcglich Peter Stamms &#8220;Agnes&#8221; ge\u00e4rgert<\/a>, aber ich bin eben ein bi\u00dfchen harmonies\u00fcchtig, die alle verteidigen will, h\u00e4tte das Buch im vorigen Jahr gern geschenkt bekommen und habe es inzwischen auf meiner <a href=\"http:\/\/literaturgefluester.wordpress.com\/leseliste\/\">Leseliste<\/a> stehen.<\/p>\n","protected":false},"excerpt":{"rendered":"<p>Seit sechzig Jahren gibt es die Aktion &#8220;Die sch\u00f6nsten B\u00fccher \u00d6sterreichs&#8221;, wo die Graphik z\u00e4hlt, das Layout und die Gestaltung, veranstaltet vom Hauptverband des Buchhandels und dem Bundesministerium, auf der Seite www.buecher.at wird immer dazu aufgerufen und JuSophie hat mich &hellip; <a href=\"https:\/\/literaturgefluester.akis.site\/?p=21040\">Continue reading <span class=\"meta-nav\">&rarr;<\/span><\/a><\/p>\n","protected":false},"author":2,"featured_media":0,"comment_status":"open","ping_status":"open","sticky":false,"template":"","format":"standard","meta":{"footnotes":""},"categories":[41],"tags":[],"class_list":["post-21040","post","type-post","status-publish","format-standard","hentry","category-uncategorized"],"_links":{"self":[{"href":"https:\/\/literaturgefluester.akis.site\/index.php?rest_route=\/wp\/v2\/posts\/21040","targetHints":{"allow":["GET"]}}],"collection":[{"href":"https:\/\/literaturgefluester.akis.site\/index.php?rest_route=\/wp\/v2\/posts"}],"about":[{"href":"https:\/\/literaturgefluester.akis.site\/index.php?rest_route=\/wp\/v2\/types\/post"}],"author":[{"embeddable":true,"href":"https:\/\/literaturgefluester.akis.site\/index.php?rest_route=\/wp\/v2\/users\/2"}],"replies":[{"embeddable":true,"href":"https:\/\/literaturgefluester.akis.site\/index.php?rest_route=%2Fwp%2Fv2%2Fcomments&post=21040"}],"version-history":[{"count":0,"href":"https:\/\/literaturgefluester.akis.site\/index.php?rest_route=\/wp\/v2\/posts\/21040\/revisions"}],"wp:attachment":[{"href":"https:\/\/literaturgefluester.akis.site\/index.php?rest_route=%2Fwp%2Fv2%2Fmedia&parent=21040"}],"wp:term":[{"taxonomy":"category","embeddable":true,"href":"https:\/\/literaturgefluester.akis.site\/index.php?rest_route=%2Fwp%2Fv2%2Fcategories&post=21040"},{"taxonomy":"post_tag","embeddable":true,"href":"https:\/\/literaturgefluester.akis.site\/index.php?rest_route=%2Fwp%2Fv2%2Ftags&post=21040"}],"curies":[{"name":"wp","href":"https:\/\/api.w.org\/{rel}","templated":true}]}}