{"id":20819,"date":"2013-04-14T15:19:32","date_gmt":"2013-04-14T13:19:32","guid":{"rendered":"http:\/\/literaturgefluester.wordpress.com\/?p=20819"},"modified":"2013-04-14T15:19:32","modified_gmt":"2013-04-14T13:19:32","slug":"literatur-und-wein","status":"publish","type":"post","link":"https:\/\/literaturgefluester.akis.site\/?p=20819","title":{"rendered":"Literatur und Wein"},"content":{"rendered":"<div id=\"attachment_20831\" style=\"width: 208px\" class=\"wp-caption alignleft\"><a href=\"http:\/\/literaturgefluester.files.wordpress.com\/2013\/04\/20130411-204235.jpg\"><img loading=\"lazy\" decoding=\"async\" aria-describedby=\"caption-attachment-20831\" src=\"http:\/\/literaturgefluester.files.wordpress.com\/2013\/04\/20130411-204235.jpg?w=198\" alt=\"Christoph W. Bauer\" width=\"198\" height=\"300\" class=\"size-medium wp-image-20831\" \/><\/a><p id=\"caption-attachment-20831\" class=\"wp-caption-text\">Christoph W. Bauer<\/p><\/div>\n<div id=\"attachment_20832\" style=\"width: 208px\" class=\"wp-caption alignright\"><a href=\"http:\/\/literaturgefluester.files.wordpress.com\/2013\/04\/20130411-205650.jpg\"><img loading=\"lazy\" decoding=\"async\" aria-describedby=\"caption-attachment-20832\" src=\"http:\/\/literaturgefluester.files.wordpress.com\/2013\/04\/20130411-205650.jpg?w=198\" alt=\"Simone Sch\u00f6nett\" width=\"198\" height=\"300\" class=\"size-medium wp-image-20832\" \/><\/a><p id=\"caption-attachment-20832\" class=\"wp-caption-text\">Simone Sch\u00f6nett<\/p><\/div>\n<p>Seit f\u00fcnfzehn Jahren gibt es das vom nieder\u00f6sterreichischen Literaturhaus bzw. Sylvia Treudl organisierte Festival &#8220;Literatur und Wein&#8221;, das im April in Krems bzw. in Stift G\u00f6ttweig stattfindet f\u00fcr das ich immer das Programm zugeschickt bekomme, aber nie dort gewesen bin, weil man daf\u00fcr Eintritt zahlen mu\u00df.<br \/>\nJetzt hat der Alfred aber zwei Festivalp\u00e4sse bestellt, so da\u00df wir vier Tage zwischen Wien, St. P\u00f6lten, Krems und G\u00f6ttweig hin und herpendeln werden und ich am Donnerstag fr\u00fcher vom <a href=\"http:\/\/literaturgefluester.wordpress.com\/2013\/04\/12\/2-tage-reden-uber-h-c-artmann\/\">H.C.Artmann Symposium<\/a> weggegangen bin, weil derzeit ja ein sehr dichtes Programm.<br \/>\nDa die <a href=\"http:\/\/literaturgefluester.wordpress.com\/2011\/05\/21\/heimito-von-doderer-und-ruth-kluger\/\">Theodor Kramer-Preisverleihungen<\/a> auch vom ULN\u00d6 veranstaltet wurden und es dort freien Eintritt gibt, bin ich schon ein paar Mal im ULN\u00d6 gewesen und habe mich, obwohl die Adressenangabe im Programm fehlte, schon ein bi\u00dfchen ausgekannt, als wir das Literaturhaus in Krems Stein, um halb acht erreichten.<br \/>\nEs lagen ein paar Hochglanz-Genu\u00dfzeitschriften und der &#8220;Volltext&#8221; zur freien Entnahme auf, die Weinbons mu\u00dfte man dagegen kaufen, am B\u00fcchertisch gab es die Weinwander-B\u00fccher, die in der Er\u00f6ffnungsveranstaltung pr\u00e4sentiert wurden.<br \/>\nDas hei\u00dft, es wurde die dritte Anthologie &#8220;Ein literarischer Verf\u00fchrer durch die die Wachau und Kamptal vorgestellt&#8221; und die Idee ist, glaube ich, da\u00df die Autoren mit den Weing\u00fctern zusammengebracht wurden und dar\u00fcber Texte schrieben.<\/p>\n<div id=\"attachment_20838\" style=\"width: 208px\" class=\"wp-caption alignleft\"><a href=\"http:\/\/literaturgefluester.files.wordpress.com\/2013\/04\/20130411-2125001.jpg\"><img loading=\"lazy\" decoding=\"async\" aria-describedby=\"caption-attachment-20838\" src=\"http:\/\/literaturgefluester.files.wordpress.com\/2013\/04\/20130411-2125001.jpg?w=198\" alt=\"Clemens Berger\" width=\"198\" height=\"300\" class=\"size-medium wp-image-20838\" \/><\/a><p id=\"caption-attachment-20838\" class=\"wp-caption-text\">Clemens Berger<\/p><\/div>\n<div id=\"attachment_20834\" style=\"width: 208px\" class=\"wp-caption alignright\"><a href=\"http:\/\/literaturgefluester.files.wordpress.com\/2013\/04\/20130411-214414.jpg\"><img loading=\"lazy\" decoding=\"async\" aria-describedby=\"caption-attachment-20834\" src=\"http:\/\/literaturgefluester.files.wordpress.com\/2013\/04\/20130411-214414.jpg?w=198\" alt=\"Alfred Komarek\" width=\"198\" height=\"300\" class=\"size-medium wp-image-20834\" \/><\/a><p id=\"caption-attachment-20834\" class=\"wp-caption-text\">Alfred Komarek<\/p><\/div>\n<p>Zuerst er\u00f6ffnete aber Sylvia Treudl im feierlichen schwarzen Kleid, bzw. ganz am Anfang gab es eine Pr\u00e4sentation der Literaturgruppe <a href=\"http:\/\/literaturgefluester.wordpress.com\/2009\/10\/24\/ohrenschmaus-und-gav-veranstaltungen\/\">Onophon<\/a>, die ich schon einmal in Wien bei einer GAV-Neumitgliederlesung h\u00f6rte, die den Abend begleitete und eine ganz erstaunhliche literarische Stimmperformance bot.<br \/>\nDann stellte der Herausgeber die Anthologie vor und <a href=\"http:\/\/literaturgefluester.wordpress.com\/2010\/07\/16\/abend-im-museumsquartier\/\">Clemens  Berger,<\/a> <a href=\"http:\/\/literaturgefluester.wordpress.com\/2012\/08\/24\/semmering\/\">Alfred Komarek<\/a>, Christoph. W. Bauer und <a href=\"http:\/\/literaturgefluester.wordpress.com\/2009\/12\/23\/janner-lesungen\/\">Simone Sch\u00f6nett<\/a>, mit der ich schon einmal am Volksstimmefest gelesen habe, lasen ihre Texte daraus vor, die von Weinen, Lebensfreude, den Schwiergkeiten beim Wandern und davon, da\u00df die burgenl\u00e4ndischen Kinder angeblich mit dem Weinglaserl zur Welt kommen, handelten.<br \/>\nIch hatte da schon ganz zuf\u00e4llig den <a href=\"http:\/\/literaturgefluester.wordpress.com\/2013\/04\/09\/das-neundundzwanzigste-indie-buch\/\">Folgetext<\/a> in der Handtasche, den ich aber beim anschlie\u00dfenden Trinken, wo auch ein ein paar  Schulklassen gekommen waren, niemanden zeigen konnte.<br \/>\nAm Freitag ging es im feudalen Rahmen in Stift G\u00f6ttweig weiter, ein riesiger Saal mit lauter Leuten, von denen ich nur Ditha Brickwell kannte, eintausendzweihundert angemeldete Besucher, ausverkaufte Veranstaltungen und andere Erfolgsmeldungen, so da\u00df ich nur verwundert feststellen konnte, da\u00df Literatur auch so funktionieren kann, der &#8220;Standard&#8221;, soll aber, wie mir der Alfred sagte <a href=\"http:\/\/derstandard.at\/1363707658488\/Lesen-und-weitertrinken\">&#8220;Lesen und weitertrinken&#8221;, geschrieben haben. <\/a><\/p>\n<div id=\"attachment_20866\" style=\"width: 208px\" class=\"wp-caption alignleft\"><a href=\"http:\/\/literaturgefluester.files.wordpress.com\/2013\/04\/20130412-185620.jpg\"><img loading=\"lazy\" decoding=\"async\" aria-describedby=\"caption-attachment-20866\" src=\"http:\/\/literaturgefluester.files.wordpress.com\/2013\/04\/20130412-185620.jpg?w=198\" alt=\"Anna Weidenholzer\" width=\"198\" height=\"300\" class=\"size-medium wp-image-20866\" \/><\/a><p id=\"caption-attachment-20866\" class=\"wp-caption-text\">Anna Weidenholzer<\/p><\/div>\n<div id=\"attachment_20867\" style=\"width: 208px\" class=\"wp-caption alignright\"><a href=\"http:\/\/literaturgefluester.files.wordpress.com\/2013\/04\/20130412-194955.jpg\"><img loading=\"lazy\" decoding=\"async\" aria-describedby=\"caption-attachment-20867\" src=\"http:\/\/literaturgefluester.files.wordpress.com\/2013\/04\/20130412-194955.jpg?w=198\" alt=\"Roland Neuwirth\" width=\"198\" height=\"300\" class=\"size-medium wp-image-20867\" \/><\/a><p id=\"caption-attachment-20867\" class=\"wp-caption-text\">Roland Neuwirth<\/p><\/div>\n<p>Begr\u00fc\u00dfung des Abtes, der eine sch\u00f6ne Zeit w\u00fcnschte und die Zusammenh\u00e4nge von Literatur und Religion zitierte, den Wein lie\u00df er aus, das tat dann ein Winzer vom Loisium, der mit Sylvia Treudl durch das Programm f\u00fchrte, die Weing\u00fcter vorstellte und zum Verkosten aufforderte. Es wurde der sogenannte Patenwein auf den Tisch gestellt, eingeschenkt und die Lesung begann mit <a href=\"http:\/\/literaturgefluester.wordpress.com\/2012\/02\/03\/literatur-im-el-speta\/\">Christian Futschers<\/a> Gurkengedichte, ein paar Spr\u00fcchen zu B\u00fcchern, denn da hat er einmal vierhundertvier Werbetexte schreiben wollen, es kamen auch jede Art von Getr\u00e4nken vor, wobei mich nur wieder etwas st\u00f6rte, da\u00df die Leute bei Stellen lachten, die meiner Meinung nach so gar nicht lustig waren.<\/p>\n<div id=\"attachment_20872\" style=\"width: 208px\" class=\"wp-caption alignleft\"><a href=\"http:\/\/literaturgefluester.files.wordpress.com\/2013\/04\/20130412-210036.jpg\"><img loading=\"lazy\" decoding=\"async\" aria-describedby=\"caption-attachment-20872\" src=\"http:\/\/literaturgefluester.files.wordpress.com\/2013\/04\/20130412-210036.jpg?w=198\" alt=\"Paul Nizon\" width=\"198\" height=\"300\" class=\"size-medium wp-image-20872\" \/><\/a><p id=\"caption-attachment-20872\" class=\"wp-caption-text\">Paul Nizon<\/p><\/div>\n<div id=\"attachment_20874\" style=\"width: 208px\" class=\"wp-caption alignright\"><a href=\"http:\/\/literaturgefluester.files.wordpress.com\/2013\/04\/20130412-2313001.jpg\"><img loading=\"lazy\" decoding=\"async\" aria-describedby=\"caption-attachment-20874\" src=\"http:\/\/literaturgefluester.files.wordpress.com\/2013\/04\/20130412-2313001.jpg?w=198\" alt=\"Antonio Fian\" width=\"198\" height=\"300\" class=\"size-medium wp-image-20874\" \/><\/a><p id=\"caption-attachment-20874\" class=\"wp-caption-text\">Antonio Fian<\/p><\/div>\n<p>Anna Weidenholzer, die in allen drei Wein-Wander-Anthologien vertreten ist, folgte mit Ausschnitten aus ihrem neuen <a href=\"http:\/\/literaturgefluester.wordpress.com\/2012\/10\/13\/der-winter-tut-den-fischen-gut\/\">Roman<\/a>, dann kam ein Konzert von Roland Neuwirths Extremschrammeln in drei Tranchen und in den Pausen die Gelegenheit zur Weinverkostung, B\u00fccherkaufen und sonstigen Konsumationsakten.<\/p>\n<div id=\"attachment_20890\" style=\"width: 310px\" class=\"wp-caption alignleft\"><a href=\"http:\/\/literaturgefluester.files.wordpress.com\/2013\/04\/20130413-111326.jpg\"><img loading=\"lazy\" decoding=\"async\" aria-describedby=\"caption-attachment-20890\" src=\"http:\/\/literaturgefluester.files.wordpress.com\/2013\/04\/20130413-111326.jpg?w=300\" alt=\"Ilija Trojanow, Klaus Zeyringer, Barbara Coudenhove-Kalergi\" width=\"300\" height=\"198\" class=\"size-medium wp-image-20890\" \/><\/a><p id=\"caption-attachment-20890\" class=\"wp-caption-text\">Ilija Trojanow, Klaus Zeyringer, Barbara Coudenhove-Kalergi<\/p><\/div>\n<div id=\"attachment_20899\" style=\"width: 208px\" class=\"wp-caption alignright\"><a href=\"http:\/\/literaturgefluester.files.wordpress.com\/2013\/04\/20130413-182146.jpg\"><img loading=\"lazy\" decoding=\"async\" aria-describedby=\"caption-attachment-20899\" src=\"http:\/\/literaturgefluester.files.wordpress.com\/2013\/04\/20130413-182146.jpg?w=198\" alt=\"Rosa Pock\" width=\"198\" height=\"300\" class=\"size-medium wp-image-20899\" \/><\/a><p id=\"caption-attachment-20899\" class=\"wp-caption-text\">Rosa Pock<\/p><\/div>\n<p>Gy\u00f6rgy Dalos folgte mit dem &#8220;Fall des \u00d6konomen&#8221;, der glaube ich, dieselben Stellen, wie in der <a href=\"http:\/\/literaturgefluester.wordpress.com\/2012\/06\/19\/ein-uberlebenskunstler\/\">Alten Schmiede<\/a> las, vom Thema her zu Anna Weidenholzers &#8220;Fischen&#8221;, passend, der Wein wurde vom Weingut &#8220;Rabl&#8221; pr\u00e4sentert, f\u00fcr den arbeitslosen \u00d6konomen  vielleicht nicht ganz leistbar, die Literatur ging aber ohnehin mit dem Staatspreistr\u00e4ger <a href=\"http:\/\/literaturgefluester.wordpress.com\/2010\/11\/16\/staatspreis-und-lesefesteroffnung\/\">Paul Nizon<\/a> weiter, der Ausschnitte aus seinem Roman &#8220;Der Nagel im Kopf&#8221; und seinen ber\u00fchmten Journalen brachte, wo ein junger Mann an seinen Vater denkt, seine Sehnsucht nach Frauen schildert und mit KZ-Erinnerungen endete. <\/p>\n<div id=\"attachment_20901\" style=\"width: 310px\" class=\"wp-caption alignright\"><a href=\"http:\/\/literaturgefluester.files.wordpress.com\/2013\/04\/20130413-184516.jpg\"><img loading=\"lazy\" decoding=\"async\" aria-describedby=\"caption-attachment-20901\" src=\"http:\/\/literaturgefluester.files.wordpress.com\/2013\/04\/20130413-184516.jpg?w=300\" alt=\"Barbara Frischmuth\" width=\"300\" height=\"198\" class=\"size-medium wp-image-20901\" \/><\/a><p id=\"caption-attachment-20901\" class=\"wp-caption-text\">Barbara Frischmuth<\/p><\/div>\n<div id=\"attachment_20906\" style=\"width: 208px\" class=\"wp-caption alignleft\"><a href=\"http:\/\/literaturgefluester.files.wordpress.com\/2013\/04\/20130413-202752.jpg\"><img loading=\"lazy\" decoding=\"async\" aria-describedby=\"caption-attachment-20906\" src=\"http:\/\/literaturgefluester.files.wordpress.com\/2013\/04\/20130413-202752.jpg?w=198\" alt=\"Josef Winkler\" width=\"198\" height=\"300\" class=\"size-medium wp-image-20906\" \/><\/a><p id=\"caption-attachment-20906\" class=\"wp-caption-text\">Josef Winkler<\/p><\/div>\n<p>Danach wurde es mit <a href=\"http:\/\/literaturgefluester.wordpress.com\/2010\/11\/16\/staatspreis-und-lesefesteroffnung\/\">Antonio Fians <\/a>&#8220;Dramoletten&#8221;, wieder lustiger, die Extremschrammeln sangen den &#8220;Leberzirrhosen Blues&#8221;, ver\u00e4nderten den Radetzkymarsch und sorgten allgemein f\u00fcr gute Stimmung.<br \/>\nSamstagvormittag ging es im ULN\u00d6 mit einem meiner Meinung nach sehr interessanten Programm weiter, n\u00e4mlich Transflair: &#8220;Geistesblitze versus Medienzirkus&#8221;, das ist eine inzwischen etablierte Reihe,  der Literaturwissenschaftler Klaus Zeyringer interviewte die Ex-Journalistin und aus adeligem Haus entstammende Barbara Coudenhove-Kalergi und  <a href=\"http:\/\/literaturgefluester.wordpress.com\/2009\/12\/27\/der-weltensammler\/\">Weltensammler<\/a> <a href=\"http:\/\/literaturgefluester.wordpress.com\/2012\/10\/10\/schule-der-intellektuellen-selbstverteidigung\/\">Ilija Trojanow <\/a>und fragte zu Beginn gleich nach den Intellektuellen, denn da w\u00e4re k\u00fcrzlich behauptet worden, es g\u00e4be sie nicht mehr. <\/p>\n<div id=\"attachment_20904\" style=\"width: 310px\" class=\"wp-caption alignleft\"><a href=\"http:\/\/literaturgefluester.files.wordpress.com\/2013\/04\/20130413-191332.jpg\"><img loading=\"lazy\" decoding=\"async\" aria-describedby=\"caption-attachment-20904\" src=\"http:\/\/literaturgefluester.files.wordpress.com\/2013\/04\/20130413-191332.jpg?w=300\" alt=\"Harri Stojka\" width=\"300\" height=\"198\" class=\"size-medium wp-image-20904\" \/><\/a><p id=\"caption-attachment-20904\" class=\"wp-caption-text\">Harri Stojka<\/p><\/div>\n<div id=\"attachment_20907\" style=\"width: 310px\" class=\"wp-caption alignright\"><a href=\"http:\/\/literaturgefluester.files.wordpress.com\/2013\/04\/20130413-211124.jpg\"><img loading=\"lazy\" decoding=\"async\" aria-describedby=\"caption-attachment-20907\" src=\"http:\/\/literaturgefluester.files.wordpress.com\/2013\/04\/20130413-211124.jpg?w=300\" alt=\"Wilhelm Genazino\" width=\"300\" height=\"198\" class=\"size-medium wp-image-20907\" \/><\/a><p id=\"caption-attachment-20907\" class=\"wp-caption-text\">Wilhelm Genazino<\/p><\/div>\n<p>Es gibt sie an den beiden und wahrscheinlich noch an anderen Beispielen und die 1945 als Prager Deutsche aus ihrer Heimat Vertriebene hat ein Buch geschrieben &#8220;Zuhause ist \u00fcberall&#8221; und Ilija Trojanow, in Bulgarien aufgewachsen, in Nairobi, Kapstadt, etc gelebt habend, wurde gleich nach diesem Begriff gefragt.<br \/>\nTrojanow meinte, da\u00df er ab dem sechsten Lebensjahr in verschiedenen L\u00e4ndern gelebt und verschiedene Sprachen gesprochen h\u00e4tte, so da\u00df Vielseitigkeit f\u00fcr ihn normaler als das ewig Gleiche w\u00e4re, da w\u00fcrde die Psychologin zwar ein wenig widersprechen, die Asylsuchenden k\u00f6nnen sich das meistens aber nicht aussuchen und Barbara Coudenhove erz\u00e4hlte von dem Prag, das sie als Kind an Hand des Fr\u00e4uleins erkundet hatte, den adeligen Eltern und dem Deutsch als Mutter- oder Vatersprache, die Gro\u00dfmutter war Japanerin und dem Kuchel-B\u00f6hmisch, das man von den Dienstboten lernte, im Salon aber nicht sprechen durfte.<br \/>\nDas sind Erfahrungen, wie sie vielleicht auch bei <a href=\"http:\/\/literaturgefluester.wordpress.com\/2013\/01\/10\/die-literarische-welt\/\">Willy Haas<\/a> zu finden sind. <a href=\"http:\/\/literaturgefluester.wordpress.com\/2012\/01\/31\/entwurzelung-und-schreiben\/\">Rhea Krcmarova<\/a> bedient sich dagegen jetzt wieder des Kuchel-B\u00f6hmischs.<\/p>\n<div id=\"attachment_20909\" style=\"width: 208px\" class=\"wp-caption alignleft\"><a href=\"http:\/\/literaturgefluester.files.wordpress.com\/2013\/04\/20130413-230438.jpg\"><img loading=\"lazy\" decoding=\"async\" aria-describedby=\"caption-attachment-20909\" src=\"http:\/\/literaturgefluester.files.wordpress.com\/2013\/04\/20130413-230438.jpg?w=198\" alt=\"Nora Gomringer\" width=\"198\" height=\"300\" class=\"size-medium wp-image-20909\" \/><\/a><p id=\"caption-attachment-20909\" class=\"wp-caption-text\">Nora Gomringer<\/p><\/div>\n<div id=\"attachment_20908\" style=\"width: 208px\" class=\"wp-caption alignright\"><a href=\"http:\/\/literaturgefluester.files.wordpress.com\/2013\/04\/20130413-230324.jpg\"><img loading=\"lazy\" decoding=\"async\" aria-describedby=\"caption-attachment-20908\" src=\"http:\/\/literaturgefluester.files.wordpress.com\/2013\/04\/20130413-230324.jpg?w=198\" alt=\"Sylvia Treudl\" width=\"198\" height=\"300\" class=\"size-medium wp-image-20908\" \/><\/a><p id=\"caption-attachment-20908\" class=\"wp-caption-text\">Sylvia Treudl<\/p><\/div>\n<p>Barbara Coudehove-Kalergi las ein St\u00fcck aus ihrem Buch, Ilija Trojanow zwei Geschichten \u00fcber Bulgarien, die im Sommer erscheinen werden, weil ihn das jetzt besch\u00e4ftigt und ist auch im &#8220;Album&#8221; des Wochenend-Standards enthalten.<br \/>\nIm Gegensatz zu G\u00f6ttweig, gab es Orangensaft und Striezel ohne daf\u00fcr ein paar Euro zahlen zu m\u00fcssen und um dreiviertel eins ist Vea Kaiser durch Krems-Stein gewandert.<br \/>\nDer Alfred mu\u00dfte aber mit seiner Mutter einkaufen fahren und durch Krems-Stein bin ich schon vor Jahren gewandert, als ich dort mit den kostenlosen Busreisen, die es in dieser Form nicht mehr gibt, \u00f6fter hingekommen bin und Einladungen zu den Kunsthaus-Vernissagen hatte ich fr\u00fcher auch.<br \/>\nAm Nachmittag ging es in Stift G\u00f6ttweig mit Rosa Pock weiter, die ich schon am <a href=\"http:\/\/literaturgefluester.wordpress.com\/2013\/04\/11\/h-c-artmann-preis-an-franz-josef-czernin\/\">Mittwoch<\/a>, <a href=\"http:\/\/literaturgefluester.wordpress.com\/2013\/04\/12\/2-tage-reden-uber-h-c-artmann\/\">Donnerstag und Freitag<\/a> gesehen habe und deren Lesung in der Wien-Bibliothek ich leider vers\u00e4umte, weiter. Sylvia Treudl stellte sie als Artmann-Witwe und eigenst\u00e4ndige Autorin vor, die viel im Sinne Artmanns an der Sprache arbeitet und die Lesung aus dem Droschl-Buch &#8220;wir sind idioten&#8221;, in konsequenter Kleinschreibung war auch sehr beeindruckend.<br \/>\nBarbara Frischmuth folgte mit ihrem Dreigenerationenroman &#8220;Woher wir kommen&#8221;, aus dem ich auch schon in der <a href=\"http:\/\/literaturgefluester.wordpress.com\/2012\/09\/18\/saisoneroffnung-mit-barbara-frischmuth\/\">Alten Schmiede<\/a> und bei <a href=\"http:\/\/literaturgefluester.wordpress.com\/2012\/10\/06\/rund-um-die-burg-neu\/\">&#8220;Rund um die Burg&#8221;<\/a>, h\u00f6rte.<br \/>\nDie Musiker des Abends waren Harri Stojka mit seiner Band und nach der Pause folgte, wie Sylvia Treudl betonte, etwas ganz Besonderes n\u00e4mlich zwei B\u00fcchner-Preistr\u00e4ger, wo bekommt man die schon hintereinander zu h\u00f6ren?<br \/>\nJosef Winkler habe ich <a href=\"http:\/\/literaturgefluester.wordpress.com\/2013\/01\/page\/3\/\">im J\u00e4nner in der Alten Schmiede<\/a>, bei seinem Symposium geh\u00f6rt und Wilhelm Genazino, den B\u00fcchnerpreistr\u00e4ger von 2004, Winkler hat ihn, glaube ich, 2009 bekommen, habe ich schon einmal im <a href=\"http:\/\/literaturgefluester.wordpress.com\/2010\/12\/16\/die-liebe-das-gluck-die-blodheit\/\">Literaturhaus<\/a> geh\u00f6rt und ein <a href=\"http:\/\/literaturgefluester.wordpress.com\/2011\/04\/14\/mittelmasiges-heimweh\/\">Buch<\/a> von ihm gelesen. Er las das dritte Kapitel aus &#8220;Wenn wir Tiere w\u00e4ren&#8221;, was sehr interessant gewesen w\u00e4re, wenn die Leute nur nicht so viel gelacht h\u00e4tten, was ich, ganz ehrlich, sehr st\u00f6rend fand, weil es mich am Zuh\u00f6ren hinderte.<br \/>\nIch habe auch nachgedacht woran das gelegen ist, denn so lustig habe ich die Geschichte von dem Mann, der nicht auf Urlaub fahren will, eigentlich nicht gefunden. Vielleicht lag es am Vortragston oder auch am Publikum habe ich gedacht und den Autor  am B\u00fcchertisch gefragt, ob die Leute immer bei seinen Lesungen soviel lachen w\u00fcrden?<\/p>\n<div id=\"attachment_20934\" style=\"width: 208px\" class=\"wp-caption alignleft\"><a href=\"http:\/\/literaturgefluester.files.wordpress.com\/2013\/04\/20130414-120745.jpg\"><img loading=\"lazy\" decoding=\"async\" aria-describedby=\"caption-attachment-20934\" src=\"http:\/\/literaturgefluester.files.wordpress.com\/2013\/04\/20130414-120745.jpg?w=198\" alt=\"Radek Knapp\" width=\"198\" height=\"300\" class=\"size-medium wp-image-20934\" \/><\/a><p id=\"caption-attachment-20934\" class=\"wp-caption-text\">Radek Knapp<\/p><\/div>\n<div id=\"attachment_20935\" style=\"width: 208px\" class=\"wp-caption alignright\"><a href=\"http:\/\/literaturgefluester.files.wordpress.com\/2013\/04\/20130414-122652.jpg\"><img loading=\"lazy\" decoding=\"async\" aria-describedby=\"caption-attachment-20935\" src=\"http:\/\/literaturgefluester.files.wordpress.com\/2013\/04\/20130414-122652.jpg?w=198\" alt=\"Jaroslav Rudis\" width=\"198\" height=\"300\" class=\"size-medium wp-image-20935\" \/><\/a><p id=\"caption-attachment-20935\" class=\"wp-caption-text\">Jaroslav Rudis<\/p><\/div>\n<p>&#8220;N\u00f6!&#8221;, hat er lapidar geantwortet, ich habe aber auch bei der Studentenlesung das Lachen zitiert.<br \/>\nW\u00e4hrend ich also die meisten Autoren des Festivals schon mehr oder weniger kannte, war der letzte Star, die Slammerin und &#8220;Powerfrau der Poesie&#8221;, Nora Gomringer f\u00fcr mich eine \u00dcberraschung, denn da habe ich  nur den Namen aus dem Internet gekannt und Nora Gomringer ging es auch sehr poetisch mit &#8220;Was ich mit der Sprache mache&#8221; an. Eine interessante Entdeckung und ein weitgestreutes Programm, das man da in Krems und G\u00f6ttweig erleben konnte und wenn ich schon ein Resumee ziehen kann, komme ich nicht umhin meine \u00dcberraschung zu wiederholen, da\u00df Literatur auch so funktionieren kann.<br \/>\nEin vollgef\u00fclltes Haus, ein Streifzug durch die Gegenwartsliteratur,  Werbung f\u00fcr die Weinregionen.<br \/>\n&#8220;Essen, trinken, sich gehen lassen!&#8221;, hat Harry Stojka die Zuschauer vor den Pausen auch immer passend aufgefordert.<br \/>\nSylvia Treudl wird f\u00fcr diese gekonnte Mischung vielleicht einen Wirtschaftspreis bekommen. Wem das aber, weil arbeitslos, nur grundgesichert, abstinent, etc, zu teuer und vielleicht auch zu kapitalistisch ist, dem kann ich den Besuch der Alten Schmiede sehr empfehlen, wer dort regelm\u00e4\u00dfig hingeht, kann sich das Festival ersparen und Wein gibts im Literaturhaus im Anschlu\u00df ebenfalls, wenn auch nicht in dieser Auswahl und  mit dieser Pr\u00e4sentation.<\/p>\n<div id=\"attachment_20936\" style=\"width: 208px\" class=\"wp-caption alignleft\"><a href=\"http:\/\/literaturgefluester.files.wordpress.com\/2013\/04\/20130414-124957.jpg\"><img loading=\"lazy\" decoding=\"async\" aria-describedby=\"caption-attachment-20936\" src=\"http:\/\/literaturgefluester.files.wordpress.com\/2013\/04\/20130414-124957.jpg?w=198\" alt=\"Reinhard P. Gruber\" width=\"198\" height=\"300\" class=\"size-medium wp-image-20936\" \/><\/a><p id=\"caption-attachment-20936\" class=\"wp-caption-text\">Reinhard P. Gruber<\/p><\/div>\n<p><a href=\"http:\/\/literaturgefluester.files.wordpress.com\/2013\/04\/20130414-111626.jpg\"><img loading=\"lazy\" decoding=\"async\" src=\"http:\/\/literaturgefluester.files.wordpress.com\/2013\/04\/20130414-111626.jpg?w=198\" alt=\"20130414-111626\" width=\"198\" height=\"300\" class=\"alignright size-medium wp-image-20931\" \/><\/a><\/p>\n<p>Am Sonntag gings im ausverkauften Literatuhaus mit einer Matinee zum Thema Stadt Land weiter. Diesmal war es schwierig einen Parkplatz zu finden, obwohl wir extra fr\u00fch losgefahren sind, um einen guten Platz zu bekommen, denn entgegen meinen Erfahrungen bei anderen Monsterveranstaltungen, wie beispielsweise &#8220;Literatur im Herbst&#8221; oder &#8220;Rund um die Burg&#8221;, war es wieder sehr voll. Es gab Sekt zu kaufen, ich unterhielt mich mit einem Mann der ein Gl\u00e4schen trank und mir erz\u00e4hlte, keine Karten bekommen zu haben, Sylvia Treudl erschien mit einer Reisetasche, die sich sp\u00e4ter aus dem Off melden sollte, die Strottern probten im Saal, Gerhard Jaschke und andere kamen und dann begann es mit den melancholischen Wienerliedern dargeboten von Klemens Lendl und David M\u00fcller, gefolgt von einer Lesung aus Radek Knapps &#8220;Reise nach Kalino&#8221;, der in seiner ironischen Art eine Detektivgeschichte von einer Stadt erz\u00e4hlt, wo alle gl\u00fccklich sind und niemand sterben will.<br \/>\nJaroslav Rudis, ein mir bisher unbekannter Erfolgsautor und derzeit Gast im Literaturhaus ist, kommt aus Prag, hat Germanistik studiert, ein Comic namens &#8220;Alois Nebel&#8221; geschrieben und aus seinem letzten Roman &#8220;Die Stille in Prag gelesen&#8221;, das das existentielle Lebensgef\u00fchl Prags zu Beginn der Neunzehnneunzigerjahre schildert und sehr interessant sein d\u00fcrfte.<br \/>\nReinhard P. Gruber, der offenbar das &#8220;schr\u00e4ge Land&#8221; verk\u00f6rperte, ist nat\u00fcrlich kein Unbekannter, sondern mit seinem &#8220;H\u00f6dlmoser&#8221; und dem &#8220;Schilcher ABC&#8221;, ein Kultautor. Die ganze Welt ist steirisch, etc, ein Pendant zu der gestrigen Matinee und sehr lustig, was ich diesmal besser ausgehalten habe.<br \/>\nAber auch die Strottern waren schaurig traurig mit ihren makabren Wienerliedern und der Kreis dieses vier Tagesfestivals hat sich, mit m\u00f6glicherweise einem weiteren Gl\u00e4schen Sekt und einem St\u00fcck Nussbrot geschlossen.<\/p>\n","protected":false},"excerpt":{"rendered":"<p>Seit f\u00fcnfzehn Jahren gibt es das vom nieder\u00f6sterreichischen Literaturhaus bzw. Sylvia Treudl organisierte Festival &#8220;Literatur und Wein&#8221;, das im April in Krems bzw. in Stift G\u00f6ttweig stattfindet f\u00fcr das ich immer das Programm zugeschickt bekomme, aber nie dort gewesen bin, &hellip; <a href=\"https:\/\/literaturgefluester.akis.site\/?p=20819\">Continue reading <span class=\"meta-nav\">&rarr;<\/span><\/a><\/p>\n","protected":false},"author":2,"featured_media":0,"comment_status":"open","ping_status":"open","sticky":false,"template":"","format":"standard","meta":{"footnotes":""},"categories":[41],"tags":[],"class_list":["post-20819","post","type-post","status-publish","format-standard","hentry","category-uncategorized"],"_links":{"self":[{"href":"https:\/\/literaturgefluester.akis.site\/index.php?rest_route=\/wp\/v2\/posts\/20819","targetHints":{"allow":["GET"]}}],"collection":[{"href":"https:\/\/literaturgefluester.akis.site\/index.php?rest_route=\/wp\/v2\/posts"}],"about":[{"href":"https:\/\/literaturgefluester.akis.site\/index.php?rest_route=\/wp\/v2\/types\/post"}],"author":[{"embeddable":true,"href":"https:\/\/literaturgefluester.akis.site\/index.php?rest_route=\/wp\/v2\/users\/2"}],"replies":[{"embeddable":true,"href":"https:\/\/literaturgefluester.akis.site\/index.php?rest_route=%2Fwp%2Fv2%2Fcomments&post=20819"}],"version-history":[{"count":0,"href":"https:\/\/literaturgefluester.akis.site\/index.php?rest_route=\/wp\/v2\/posts\/20819\/revisions"}],"wp:attachment":[{"href":"https:\/\/literaturgefluester.akis.site\/index.php?rest_route=%2Fwp%2Fv2%2Fmedia&parent=20819"}],"wp:term":[{"taxonomy":"category","embeddable":true,"href":"https:\/\/literaturgefluester.akis.site\/index.php?rest_route=%2Fwp%2Fv2%2Fcategories&post=20819"},{"taxonomy":"post_tag","embeddable":true,"href":"https:\/\/literaturgefluester.akis.site\/index.php?rest_route=%2Fwp%2Fv2%2Ftags&post=20819"}],"curies":[{"name":"wp","href":"https:\/\/api.w.org\/{rel}","templated":true}]}}