{"id":20802,"date":"2013-04-11T00:26:09","date_gmt":"2013-04-10T22:26:09","guid":{"rendered":"http:\/\/literaturgefluester.wordpress.com\/?p=20802"},"modified":"2013-04-11T00:26:09","modified_gmt":"2013-04-10T22:26:09","slug":"h-c-artmann-preis-an-franz-josef-czernin","status":"publish","type":"post","link":"https:\/\/literaturgefluester.akis.site\/?p=20802","title":{"rendered":"H.C. Artmann-Preis an Franz Josef Czernin"},"content":{"rendered":"<p>Ich glaube zwar nicht, da\u00df ich von  der Verleihung eines H. C. Artmann-Preises sehr viel Ahnung habe, da\u00df es einige experimentelle Lyrikpreise, wie zum Beispiel den Jandl-Preis, der alle zwei Jahre in Neuberg an der M\u00fcrz vergeben wird und ein bis zweimal war ich auch dabei, wei\u00df ich, der H. C. Artmann-Preis, der 2004 von Peter Rosei ins Leben gerufen wurde, obwohl der ja <a href=\"http:\/\/literaturgefluester.wordpress.com\/2011\/09\/20\/geld\/\">keine <\/a><a href=\"http:\/\/literaturgefluester.wordpress.com\/2013\/02\/25\/madame-stern\/\">Lyrik <\/a>schreibt, ist an mir vorbeigegangen, jetzt kam aber eine Einladung vom Wien-Museum zu einem H.C.Artmann Symposium mit vorangehender Preisverleihung und da bin ich nat\u00fcrlich hingegangen, denn ich gehe ja gerne zu <a href=\"http:\/\/literaturgefluester.wordpress.com\/2011\/11\/04\/sv-cocktail-krilit-alpha-literaturpreis\/\">Preisverleihungen<\/a>, obwohl ich ja weder experimentell noch Lyrik schreibe.<br \/>\nDie Preisverleihung fand Mittwochabend im Musa-Museum auf Abruf statt und da waren ja 2009 einige Veranstaltungen zu den <a href=\"http:\/\/literaturgefluester.wordpress.com\/2009\/12\/16\/das-wien-der-funfzigerjahre\/\">F\u00fcnfziger<\/a><a href=\"http:\/\/literaturgefluester.wordpress.com\/2009\/12\/03\/die-funfziger-jahre\/\">jahren<\/a> und weil ich mich beim Konrad Bayer verschrieben habe, hat das eine <a href=\"http:\/\/literaturgefluester.wordpress.com\/2009\/12\/16\/das-wien-der-funfzigerjahre\/#comments\">heftige Diskussion<\/a> mit meiner damaligen Kritikerin Frau Heidegger ausgel\u00f6st, die Frau Millner habe ich bei einer oder beiden Veranstaltungen, die ich damals besuchte, auch getroffen und die organisiert jetzt das H.C. Artmann-Symposium und als ich um sieben dort eingetroffen bin habe ich das Who is who der expermientellen und sonstigen  Literaturszene gesehen, den Max Droschl, Brigitte Falkner, die Kulturbeamten, Alexandra Millner und nat\u00fcrlich Ferdinand Schmatz, der inzwischen ja Professor f\u00fcr Sprachkunst ist und auch einmal JandlPreistr\u00e4ger war. H. C. Artmann- Preistr\u00e4ger war er auch, aber das habe ich nicht gewu\u00dft, ist dieser Preis ja irgendwie an mir vorbeigegangen. Das sollte mich erst Hofrat Denscher oder welchen Titel der Leiter der Kulturabteilung, der den Stadtrat, der leider bei einer wichtigeren Veranstaltunge war, sagen, vorher war ich von der Ausstellung der Gruppe Monochron mit ihren Rotweingl\u00e4sern, blutigen Badenwanneszenen etc etwas geschockt, beziehungsweise habe ich mir alles angesehen und auf die Er\u00f6ffnung gewartet, denn ich bin ja nicht in und werde von den sich k\u00fcssenden Szene-Insidern eher \u00fcbersehen, aber Robert Huez, den ich in letzter zeit \u00f6fter bei anderen Veranstaltungen als im Literaturhaus treffe, habe ich gesehen, Walter Famler und und und&#8230;<br \/>\nDan ging es los der Hofrat oder welchen Titel er auch tr\u00e4gt er\u00f6ffnete, erkl\u00e4rte einiges zu Franz Josef Czernin den Preistr\u00e4ger und zu Ferdinand Schmatz den Laudator. Peter Waterhouse hat diesen Preisen auch einmal bekommen, nat\u00fcrlich eh schon wissen&#8230;.<br \/>\nDaniela Strigl war noch da und Michael <a href=\"http:\/\/literaturgefluester.wordpress.com\/2009\/10\/30\/reinhard-priessnitz-preis-2009\/\">Hammerschmid, der einmal Priesnitzpreistr\u00e4ger<\/a> war. Peter Rosei nicht, denn der hatte in der Schweiz eine Lesung und Bernahrd Denscher wies  auf Ferdinand Schmatz hin, der seiner Meinung nach in der Musik nicht so erfolgreich wie in der Lyrik sei. Das Publikum und ich habe den Jandl-Artmann und was noch immer Preistr\u00e4ger, das letzte Mal ja in einer <a href=\"http:\/\/literaturgefluester.wordpress.com\/2013\/01\/22\/wien-rhapsodie\/\">musikalischen Veranstaltung in der Alten Schmiede<\/a> erlebt und die Laudatio war sehr theoretisch, ein Vortag \u00fcber das Gedicht, was es kann und was es macht und auch ein bi\u00dfchen einer \u00fcber die Sonette von Fanz Josef Czernin und wenn man mich \u00fcber mein Wissen \u00fcber die beiden fragt, dann kenne ich sie als Doppelpack, denn da ist ja einmal in den Achtzigerjahren ein Band beim Jung-Residenz erschienen und dann die Entlarvung in der Editon neue Texte, &#8220;Die Fahrt durch die neunundneunzig Ballone oder wie hat das gehei\u00dfen?&#8221;, habe ich sp\u00e4ter  beim Buffet, den \u00e4lteren Physiker gefragt, der aber keine Ahnung hatte. Also schaue ich in meinem Katalog nach und erfahre, da\u00df das neue Edition-Buch den Titel &#8220;Die Reise&#8221;, trug, in dem sich die Beiden \u00fcber den Lyrikgeschmack des Jung und Jung lustig machten. Das habe ich mir gekauft und das ist lange her und wahrscheinlich l\u00e4ngst vergessen und Ferdinand Schmatz begegne ich \u00f6fter in seiner Rolle als Tutor beim Bachmann-Literaturkurs, als Jandl-Preistr\u00e4ger, den <a href=\"http:\/\/literaturgefluester.wordpress.com\/2009\/05\/09\/zwischen-den-festen\/#comments\">dann keiner kennt<\/a>, als Professor f\u00fcr Sprachkunst, etc, Franz Josef Czernin eher weniger, da\u00df er Sonette schreibt ist mir durch die Schnmatzsche Laudatio klargeworden. Dann kam der Preistr\u00e4ger und wies auf H.C. Artmann hin, dessen poetische Akte er mit Achtzehn kennenlernte, denn da hat der ein Theaterst\u00fcck beim Sessler-Verlag eingereicht und dort den gro\u00dfen H.C begegnet, der mit einer gro\u00dfen Geste einen Vertrag unterschrieb. Fanz Josef Czernin brachte H.C zu Ehren vier Gedichte vor und dann gab es ein Buffet bzw. einen Empfang oder ein Glas Wein, das man auf den Preistr\u00e4ger leeren sollte und die G\u00e4ste teilten sich in Adabeis und Insiders, mit mir haben sich nat\u00fcrlich nur die Adabeis bzw. der \u00e4ltere Herrn, den ich in der Alten Schmiede kennenlernte und in der <a href=\"http:\/\/literaturgefluester.wordpress.com\/2013\/02\/21\/erica-fischer-in-der-wien-bibliothek\/\">Wien<\/a> <a href=\"http:\/\/literaturgefluester.wordpress.com\/2013\/03\/06\/hommage-an-felix-braun-und-kathe-braun-prager\/\">Bibliothek<\/a> \u00f6fter sehe, unterhalte. Der Ssacha unterhielt sich mit zwei j\u00fcngeren Frauen, der Gewerkschafter, den wir bei der Auge Weihnachtsfeier \u00f6fter sehen ignorierte mich und es gab Br\u00f6tchen, Wein und Kuchen und zu H.C. Artmann desses Symposium ich teilweise besuchen werde, habe ich auch kein besonderes Verh\u00e4ltnis. Eine Verehrerin bin ich jedenfalls nicht, bei drei\u00dfig Jahr GAV oder so im Odeon ist er pers\u00f6nlich aufgetreten. 2000 ist er gestorben, da war ich bei einer Nachla\u00dfveranstaltung im Literaturhaus, einen Film habe ich einmal im Filmcasino gesehen und von der &#8220;Schwarzen Tinten&#8221;, wahrscheinlich sogar noch in der Stra\u00dfergasse etwas geh\u00f6rt. Mit dem Alfred war ich 2010 bei <a href=\"http:\/\/literaturgefluester.wordpress.com\/2010\/07\/24\/dracula-dracula-und-andere-ereignisse\/\">&#8220;Dracula Dracula&#8221;<\/a> in Krems und dorthin werden wir Freitagabend fahren, wenn die &#8220;Acht Punkte Proklamation&#8221; noch nicht zu Ende ist. Und wer geh\u00f6rt jetzt zur Wiener Gruppe?. hat mich der \u00e4ltere Herr gefragt. R\u00fchm, Achleitner, Artmann sind mir eingefallen und, da\u00df sich <a href=\"http:\/\/literaturgefluester.wordpress.com\/2010\/06\/28\/zum-tod-von-andreas-okopenko\/\">Andreas Okopenko <\/a>geweigert hat, dazuzugeh\u00f6ren.<\/p>\n","protected":false},"excerpt":{"rendered":"<p>Ich glaube zwar nicht, da\u00df ich von der Verleihung eines H. C. Artmann-Preises sehr viel Ahnung habe, da\u00df es einige experimentelle Lyrikpreise, wie zum Beispiel den Jandl-Preis, der alle zwei Jahre in Neuberg an der M\u00fcrz vergeben wird und ein &hellip; <a href=\"https:\/\/literaturgefluester.akis.site\/?p=20802\">Continue reading <span class=\"meta-nav\">&rarr;<\/span><\/a><\/p>\n","protected":false},"author":2,"featured_media":0,"comment_status":"open","ping_status":"open","sticky":false,"template":"","format":"standard","meta":{"footnotes":""},"categories":[41],"tags":[],"class_list":["post-20802","post","type-post","status-publish","format-standard","hentry","category-uncategorized"],"_links":{"self":[{"href":"https:\/\/literaturgefluester.akis.site\/index.php?rest_route=\/wp\/v2\/posts\/20802","targetHints":{"allow":["GET"]}}],"collection":[{"href":"https:\/\/literaturgefluester.akis.site\/index.php?rest_route=\/wp\/v2\/posts"}],"about":[{"href":"https:\/\/literaturgefluester.akis.site\/index.php?rest_route=\/wp\/v2\/types\/post"}],"author":[{"embeddable":true,"href":"https:\/\/literaturgefluester.akis.site\/index.php?rest_route=\/wp\/v2\/users\/2"}],"replies":[{"embeddable":true,"href":"https:\/\/literaturgefluester.akis.site\/index.php?rest_route=%2Fwp%2Fv2%2Fcomments&post=20802"}],"version-history":[{"count":0,"href":"https:\/\/literaturgefluester.akis.site\/index.php?rest_route=\/wp\/v2\/posts\/20802\/revisions"}],"wp:attachment":[{"href":"https:\/\/literaturgefluester.akis.site\/index.php?rest_route=%2Fwp%2Fv2%2Fmedia&parent=20802"}],"wp:term":[{"taxonomy":"category","embeddable":true,"href":"https:\/\/literaturgefluester.akis.site\/index.php?rest_route=%2Fwp%2Fv2%2Fcategories&post=20802"},{"taxonomy":"post_tag","embeddable":true,"href":"https:\/\/literaturgefluester.akis.site\/index.php?rest_route=%2Fwp%2Fv2%2Ftags&post=20802"}],"curies":[{"name":"wp","href":"https:\/\/api.w.org\/{rel}","templated":true}]}}