{"id":20495,"date":"2013-03-29T00:36:53","date_gmt":"2013-03-28T23:36:53","guid":{"rendered":"http:\/\/literaturgefluester.wordpress.com\/?p=20495"},"modified":"2013-03-29T00:36:53","modified_gmt":"2013-03-28T23:36:53","slug":"ostern-im-schnee","status":"publish","type":"post","link":"https:\/\/literaturgefluester.akis.site\/?p=20495","title":{"rendered":"Ostern im Schnee"},"content":{"rendered":"<p>Ich bin ja keine, die \u00fcber das Wetter jammert, obwohl ich im <a href=\"http:\/\/www.jancak.at\/auszug_schokolade.html\">Wiener Stadtroman<\/a> einen &#8220;Wettern\u00f6rgler&#8221;, erfunden habe, sondern es relativ gelassen hinnimmt, wie es kommt, aber diesmal ist es wirklich ein bi\u00dfchen extrem.<br \/>\nSchnee liegt in der Karwoche und Ende M\u00e4rz Zentimeter dick auf der Terrasse und auf der Autobahn gab es am Dienstag eine Massenkarambolage mit einigen Verletzten und Toten ausgel\u00f6st durch schlechtes Fahren und sogenannten Blitzeis und in der Karwoche mache ich auch gern in Harland Osterferien und komme, wenn es geht am Dienstag, Mittwoch oder sp\u00e4testens am Gr\u00fcndonnerstag dort hinaus.<br \/>\nManchmal hindern Termine das fr\u00fchzeitige Kommen, so war ich, glaube ich, wegen der Radtour 2007, die halbe Karwoche in Wien, habe Aussendungen gemacht und bin am Abend in die Alte Schmiede zu einem sehr sch\u00f6nen Musikprogramm gegangen, einmal war ich im Republikanischen Club bei einer Geburtstagsveranstaltung von <a href=\"http:\/\/literaturgefluester.wordpress.com\/2009\/04\/07\/zum-neunzigsten-geburtstag-von-edith-west\/\">Edith West<\/a> und als ich von meiner Radtour zur\u00fcckgekommen bin, habe ich auf <a href=\"http:\/\/literaturgefluester.wordpress.com\/2009\/04\/09\/osterferien-und-gerstl-nachruf\/\">Christiane Zinzens Blog von Elfriede Gerstls Tod<\/a> erfahren und voriges Jahr hatte ich am Mittwoch meine Lesung im <a href=\"http:\/\/literaturgefluester.wordpress.com\/2012\/04\/05\/lesung-mit-rudolf-lasselsberger\/\">El Speta<\/a> und bin daher erst sehr sp\u00e4t nach Harland gefahren, um dort meinen B\u00e4rlauch zu suchen und Rad zu fahren und heuer ist es deto.<br \/>\nWar ich ja im <a href=\"http:\/\/literaturgefluester.wordpress.com\/2012\/05\/02\/klub-logischer-denker\/\">vorigen Mai <\/a>seit langem wieder einmal im Klub der logischen Denker, weil dessen Geschichte von Herrn Doktor Mold dargestellt wurde und habe dann mit dem jetzigen Obmann einen Termin f\u00fcr ein Referat ausgemacht.<br \/>\nAuf &#8220;Die neuesten Entwicklungen in Psychologie und Psychotherapie&#8221;, wo ich ein bi\u00dfchen die Psychologiegesetzentwicklungen mit meiner Clubgeschichte verbunden habe, haben wir uns geeinigt, weil ich ihm entweder etwas aus der Psychologie oder was Literarisches angeboten habe und er hat mir einen Termin im M\u00e4rz gegeben. Fr\u00fcher hatte er nichts mehr frei und ich habe nur geschaut, da\u00df es sich nicht im <a href=\"http:\/\/literaturgefluester.wordpress.com\/page\/2\/\">Leipzig<\/a> \u00fcberschneidet, obwohl wir heuer ohnehin nicht dort waren.<br \/>\nEs hat sich mit der Karwoche \u00fcberschnitten, aber das habe ich erst gemerkt, als ich Herrn Doktor Mold wieder einmal in der <a href=\"http:\/\/literaturgefluester.wordpress.com\/2013\/03\/05\/schwedische-dichtung\/\">Alten Schmiede<\/a> traf und er mir sagte, da\u00df er dann vielleicht auf Urlaub sei.<br \/>\nIch habe Montag, Dienstag, Mittwoch aber ohnehin genug in meiner Praxis zu tun gehabt, es war auch noch die Abrechnung zu machen, so da\u00df wir wieder sehr sp\u00e4t nach Harland gekommen sind und der Unterschied zum Vorjahr ist nur der Schnee. So viel Schnee auf der Traisen, da\u00df es sich nur schwer Radfahren l\u00e4\u00dft.<br \/>\nAuch nicht wirklich schlimm, denn das passiert zu Weihnachten in der Winterfrische \u00f6fter und ich habe auch diesmal genug zu tun, ist ja das <a href=\"http:\/\/literaturgefluester.wordpress.com\/2012\/06\/09\/literaturgefluster-texte-buch\/\">&#8220;Literaturgefl\u00fcster-Texte-Buch&#8221;<\/a>, zu korrigieren, damit habe ich \u00fcbrigens auch in den Weihnachtsferien begonnen, dann aber mit dem <a href=\"http:\/\/literaturgefluester.wordpress.com\/2012\/11\/05\/nanowrimoschreiben-2012\/\">&#8220;Nanowrimo-Novel&#8221;<\/a> und mit <a href=\"http:\/\/www.jancak.at\/auszug_kerstinsachterl.html\">&#8220;Kerstins Achterln&#8221;<\/a>, weitergemacht.<br \/>\nDas ist jetzt in der Druckerei, nach Ostern soll das Dummie kommen, dann gibts bald Digi-Buch Nummer neunundzwanzig und ich werde in Harland mit dem &#8220;Literaturgefl\u00fcster-Texte-Buch&#8221;, besch\u00e4ftigt sein, so da\u00df es gar nichts macht, wenn ich nicht Radfahren kann, obwohl ich die Osterferien eigentlich mit Pinzen, B\u00e4rlauch und einer <a href=\"http:\/\/literaturgefluester.wordpress.com\/2011\/04\/24\/radtouren\/\">Radtour<\/a> nach Herzogen- bzw. Wilhelmsburg verbinde.<br \/>\nAber macht ja nichts und ist nicht so wichtig. Ein Osterprogramm gibt es auf jeden Fall, vorigen <a href=\"http:\/\/literaturgefluester.wordpress.com\/2012\/04\/07\/karfreitag-slam\/\">Karfreitag<\/a> war ich mit dem Alfred im Cinea Paradiso beim <a href=\"http:\/\/literaturgefluester.wordpress.com\/2012\/04\/07\/karfreitag-slam\/\">Karfreits-Slam<\/a>, diesmal habe ich ein Konzert im Rahmen von Italia Mia in der Kartause Mauerbach gewonnen und am Karsamstag gibt es wieder den inzwischen schon \u00fcblichen Osterspaziergang der Litges, um den Viehofener See soll es gehen. Ob das die Wetterbedingungen zulassen werden?<br \/>\nDas <a href=\"http:\/\/literaturgefluester.wordpress.com\/2012\/03\/31\/osterspaziergang-etwas-windig\/\">letzte Mal<\/a> hat es, glaube ich, geregnet, da haben wir in der &#8220;Seedose&#8221; die Eier gepeckt. Diesmal ist es auch die Frage, wie ich zum Viehofner See komme, aber vielleicht taut es noch inzwischen, aber Ostern in Wei\u00df ist auch ganz lustig und mich tangiert es nicht so sehr, weil ich keine Eier verstecke.<br \/>\nDie Osterdekorationen f\u00fcr die Krongasse habe ich schon vor zwei Wochen herausgesucht, da gab es ja auch einen Leiner-Gutschein, wo ich mir ein paar Ostereierkerzen und zwei Packungen Osterservietten holte. <a href=\"http:\/\/literaturgefluester.wordpress.com\/2013\/02\/28\/kaffee-bei-erika-brunngraber\/\">Erika Brunngraber<\/a> hat mir schon lange einen dieser tollen Schokoosterhasen aus der Kurkonditorei Oberlaa geschenkt, der Alfred einen Lindt-Hasen und ein Klient ein kleines Fl\u00e4schen Magenbitter in einem Osterk\u00f6rbchen zusammen mit einem \u00dcberraschungsei.<br \/>\nDas alles liegt in Wien und wird ab Ostermontag aufgegessen werden, den Magenbitter la\u00dfe ich aus, weil ich keine Schnapstrinkerin bin und in Harland wurden die Dekorationen, die ich auch ein bi\u00dfchen sammle, am Gr\u00fcndonnerstag herausgeholt.<br \/>\nGenauso sammle, wie die B\u00fccher und da habe ich in meine <a href=\"http:\/\/literaturgefluester.wordpress.com\/2013\/03\/28\/bucherbeschrankung\/?preview=true\">B\u00fccherbeschr\u00e4nkungspl\u00e4ne<\/a> , als ich an inzwischen drei Schr\u00e4nken vorbei ins Cafe Benno in die Alserstra\u00dfe gegangen bin, nicht ganz eingehalten. Der Vorsatz war zwar da und das Regal wieder auf das noch zu Lesende durchger\u00e4umt, aber wenn in den Schr\u00e4nken Daniel Kehlmanns &#8220;Vermessung der Welt&#8221;, K\u00f6hlmeiers &#8220;Idylle mit Hund&#8221; und <a href=\"http:\/\/literaturgefluester.wordpress.com\/2012\/10\/06\/rund-um-die-burg-neu\/\">Andrea Grills New York-Geschichten<\/a> liegen, tue ich mir schwer. Die &#8220;Naschmarktmorde&#8221; habe ich aber liegen lassen und in Harland ist Stendhals &#8220;Rot und schwarz&#8221; als Monsterprojekt aufzulesen. In Wien habe ich inzwischen <a href=\"http:\/\/literaturgefluester.wordpress.com\/2013\/03\/21\/im-thalia-bei-zdenka-becker\/\">Zdenka Beckers &#8220;Der gr\u00f6\u00dfte Fall meines Vaters&#8221;<\/a>, bekommen und werde es nach Ostern lesen. Vielleicht treffe ich Zdenka Becker wieder am Markt oder auch nicht, wenn ich wetterbedingt dort nicht hinkomme und am Osterspaziergang nimmt sie, glaube ich, nicht teil.<br \/>\nUnd Christl Greller hat mir jetzt den Termin f\u00fcr die geplante Lesung &#8220;Die Zeit und wir&#8221;, bekanntgegeben, den Ort hat sie noch f\u00fcr sich behalten.<\/p>\n","protected":false},"excerpt":{"rendered":"<p>Ich bin ja keine, die \u00fcber das Wetter jammert, obwohl ich im Wiener Stadtroman einen &#8220;Wettern\u00f6rgler&#8221;, erfunden habe, sondern es relativ gelassen hinnimmt, wie es kommt, aber diesmal ist es wirklich ein bi\u00dfchen extrem. Schnee liegt in der Karwoche und &hellip; <a href=\"https:\/\/literaturgefluester.akis.site\/?p=20495\">Continue reading <span class=\"meta-nav\">&rarr;<\/span><\/a><\/p>\n","protected":false},"author":2,"featured_media":0,"comment_status":"open","ping_status":"open","sticky":false,"template":"","format":"standard","meta":{"footnotes":""},"categories":[41],"tags":[],"class_list":["post-20495","post","type-post","status-publish","format-standard","hentry","category-uncategorized"],"_links":{"self":[{"href":"https:\/\/literaturgefluester.akis.site\/index.php?rest_route=\/wp\/v2\/posts\/20495","targetHints":{"allow":["GET"]}}],"collection":[{"href":"https:\/\/literaturgefluester.akis.site\/index.php?rest_route=\/wp\/v2\/posts"}],"about":[{"href":"https:\/\/literaturgefluester.akis.site\/index.php?rest_route=\/wp\/v2\/types\/post"}],"author":[{"embeddable":true,"href":"https:\/\/literaturgefluester.akis.site\/index.php?rest_route=\/wp\/v2\/users\/2"}],"replies":[{"embeddable":true,"href":"https:\/\/literaturgefluester.akis.site\/index.php?rest_route=%2Fwp%2Fv2%2Fcomments&post=20495"}],"version-history":[{"count":0,"href":"https:\/\/literaturgefluester.akis.site\/index.php?rest_route=\/wp\/v2\/posts\/20495\/revisions"}],"wp:attachment":[{"href":"https:\/\/literaturgefluester.akis.site\/index.php?rest_route=%2Fwp%2Fv2%2Fmedia&parent=20495"}],"wp:term":[{"taxonomy":"category","embeddable":true,"href":"https:\/\/literaturgefluester.akis.site\/index.php?rest_route=%2Fwp%2Fv2%2Fcategories&post=20495"},{"taxonomy":"post_tag","embeddable":true,"href":"https:\/\/literaturgefluester.akis.site\/index.php?rest_route=%2Fwp%2Fv2%2Ftags&post=20495"}],"curies":[{"name":"wp","href":"https:\/\/api.w.org\/{rel}","templated":true}]}}