{"id":20133,"date":"2013-03-14T00:01:04","date_gmt":"2013-03-13T23:01:04","guid":{"rendered":"http:\/\/literaturgefluester.wordpress.com\/?p=20133"},"modified":"2013-03-14T00:01:04","modified_gmt":"2013-03-13T23:01:04","slug":"eine-versammlung-kommt-selten-allein","status":"publish","type":"post","link":"https:\/\/literaturgefluester.akis.site\/?p=20133","title":{"rendered":"Eine Versammlung kommt selten allein"},"content":{"rendered":"<p>Die Grazer Autorinnen Autorenversammlung wird heuer vierzig und hat zwei traditionelle Gro\u00dfveranstaltungen, die Lyrik im M\u00e4rz und den Tag der Freiheit des Wortes am 10. Mai bzw. Juni, wie es in den letzten Jahren, so war.<br \/>\nHeidi Pataki, die vorletzte GAV-Pr\u00e4sidentin hat die Lyrik im M\u00e4rz, die lange in dem ber\u00fchmten H\u00f6rsaal I, im neuen Institusgeb\u00e4ude stattgefunden hat, lange organisert, jetzt tut das Rolf Schwender, der derzeitige GAV Pr\u00e4sident. Es gibt immer ein bestimmtes Thema, eine Einleitung und dann eine Kurzlesung von ein paar Minuten, f\u00fcnfundzwanzig bis drei\u00dfig Lesende hat es da, glaube ich, schon gegeben.<br \/>\nIch bin nicht immer hingegangen und war auch nicht immer p\u00fcnktlich, bin ich ja eigentlich nicht so ein Lyrikfan, wie heuer hat es sich auch \u00f6fter mit der Leipziger Buchmesse \u00fcberschnitten. Es war dann auch im neuen Universit\u00e4tscampus, <a href=\"http:\/\/literaturgefluester.wordpress.com\/2010\/03\/24\/lyrik-im-marz\/\">2010 hat der Alfred fotografiert<\/a>, <a href=\"http:\/\/literaturgefluester.wordpress.com\/2011\/03\/15\/lyrik-im-marz-2\/\">zweitausendelf<\/a> bin ich, glaube ich, mit Margot Koller mit der ich mich wegen unserer <a href=\"http:\/\/literaturgefluester.wordpress.com\/2011\/03\/24\/die-mittleren-v\/\">&#8220;Mittleren&#8221;- Vorbesprechung<\/a> vorher getroffen habe, hingegangen und bin zu sp\u00e4t gekommen, im letzten Jahr war die Veranstaltung parallel mit den <a href=\"http:\/\/literaturgefluester.wordpress.com\/2012\/03\/22\/die-mittleren-vi\/\">&#8220;Mittleren&#8221;<\/a> und heuer h\u00e4tte ichs auch fast vers\u00e4umt, bzw. bin ich erst etwa um halb acht hingekommen, es hat aber schon um sechs begonnen, aber irgendwie ist das Alte Schmiede Programm, dem die Ank\u00fcndigung meist  beiliegt, nicht gekommen und als mir die <a href=\"http:\/\/literaturgefluester.wordpress.com\/2013\/02\/28\/kaffee-bei-erika-brunngraber\/\">Ruth<\/a> vor vierzehn Tage den Zettel gegeben hat, hatte ich schon eine sechs Uhr Stunde eingetragen, dann bin ich auch nicht gleich weggekommen und und der Ort der Versammlung, war das ja heuer das Motto, das Rolf Schwendter ausw\u00e4hlte, der nach einer schweren Erkrankung, gestern, wie ich h\u00f6rte, aus Kassel zur\u00fcckgekommen ist, war auch ungew\u00f6hnlich, das &#8220;21-Haus&#8221;, bzw. der &#8220;Salon f\u00fcr Kunstbuch&#8221;, die Fortsetzung des &#8220;20-Haus&#8221;, dem Museum f\u00fcr moderne Kunst, in der Arsenalstra\u00dfe beim S\u00fcdbahnhof, den es auch nicht mehr gibt, im &#8220;20-Haus&#8221;, war ich ein paar Mal vor langer Zeit, einmal kann ich mich erinnern, mit dem Alfred und der kleinen Anna am Nationalfeiertag, weil es da freien Eintritt gab, es gab auch eine Lesung mit Ernst Jandl, den dritten Pr\u00e4sidenten, den die GAV hatte, der erste war H.C.Artmann, der zweite Gerhard R\u00fchm, nach Jandl kam Heimrad B\u00e4cker, dann zum ersten Mal Rolf Schwendter, Heidi Pataki folgte und der kleinen Anna hat die Lesung, glaube ich, nicht so gefallen, sie rannte jedenfalls herum und machte L\u00e4rm, Jandl \u00e4ffte sie nach, dann kam ein W\u00e4chter und schmi\u00df uns hinaus und Ernst Jandl hat sicher auch sehr oft bei der Lyrik im M\u00e4rz gelesen, weil das ja eine Veranstaltung der gro\u00dfen Namen ist.<br \/>\nSo leicht war es auch nicht das &#8220;21-Haus&#8221; zu erreichen, ich bin zwar mit dem Bus gefahren, aber der 13 f\u00e4hrt jetzt nur  zum S\u00fcdtiroler Platz und dann mu\u00dfte ich, weil mir die Stra\u00dfenbahn davongefahren ist, auch noch eine Weile suchen, dann fand ich das  moderne Haus, traf auch gleich ein paar Bekannte und habe einen guten Teil der Lesung vers\u00e4umt.<br \/>\nAm Wort war gerade Ronald Pohl, der Standard Redaktuer, der im selben Jahr wie ich in die GAV aufgenommen wurde, damals mu\u00dfte man sich noch in der Vollversammlung, die es auch nicht mehr gibt, vorstellen, bzw. wurde man das vom damaligen Generalsekre\u00e4r Josef Haslinger.<br \/>\nDem Programm entnahm ich, da\u00df  Bernhard Cella ber\u00fc\u00dft hatte, Gerhard Jaschke moderierte und Fritz Widhalm, Richard Wall, Christian Steinbacher, Ferdinand Schmatz, Robert Schindel und E.A. Richter habe ich wohl vers\u00e4umt, wahrscheinlich auch Helga Pankratz, die ich gesehen habe.<br \/>\nMechthild Podzeit L\u00fctjen und Walter Pilar stehen auch auf dem Programm. Gerhard Jaschke k\u00fcndete als n\u00e4chstes aber die Herta Kr\u00e4ftner Spezialistin <a href=\"http:\/\/literaturgefluester.wordpress.com\/2012\/01\/18\/hertha-kraftners-wirklichkeit\/\">Dine Petrik<\/a> an, die zuerst drei Kr\u00e4ftner Gedichte las, die heuer f\u00fcnfundachtzig geworden w\u00e4re und dann eigene Gedichte las, eines war Herta Kr\u00e4ftner gewidmet. Anton Mantler folgte, den habe ich schon auf der <a href=\"http:\/\/literaturgefluester.wordpress.com\/2011\/11\/04\/sv-cocktail-krilit-alpha-literaturpreis\/\">KritLit<\/a> geh\u00f6rt, als GAV-Kollege war er mir kein Begriff, Gerhard Jaschke erz\u00e4hlte, da\u00df er einen Teil seines Lebens in der Wien-Bibliothek verbrachte und jetzt Zeit zum Gedichte schreiben h\u00e4tte und das &#8220;Erdbeergedicht&#8221; &#8211; \u00fcberall Erdbeeren, wenn ich sterbe werde ich auch eine Erdbeere sein, war auch sehr ungew\u00f6hnlich und originell.<br \/>\nFriederike Mayr\u00f6cker ist auch noch auf dem Programm gestanden, ich habe sie aber nicht gesehen. Neben Hilde Langthaler, der Nichte oder Gro\u00dfnichte des Lyrikers Theodor Sappers, bin ich gesessen, sie las Gedichte aus dem Triton Buch &#8220;Gras dein Gesicht&#8221; und dann aus einem neueren Edition Roesner B\u00e4ndchen.<br \/>\nErika Kronabitter, die die Lyrikreihe der Edition Art und Science betreut und auch beim Feldkirchner Lyrikpreis mitmacht, folgte, dann Ilse Kilic, die sich als erste auf das Thema &#8220;V2ersammlung bezog&#8221;.<br \/>\n&#8220;Ilse Kilic ist Lyrik pur&#8221;, moderierte Gerhard Jaschke sie an und sie hatte Gedichte, die sie als Fortsetzung auf Gedichte von Kollegen, die sie ihnen auch gewidmet hat, schrieb.<br \/>\nF\u00fcr Rolf Schwendter war, glaube ich, eines, f\u00fcr Judith Nika Pfeifer, Nikolaus Scheibner, Heidi Pataki, Reimund Bahr und das letzte dann f\u00fcr sich selbst.<br \/>\nMarie Therese Kerschbaumer und Bodo Hell standen auch noch auf dem Programm, Bodo Hell hat jetzt einen runden Geburtstag und war daher mehrmals in der letzten Zeit im Radio zu h\u00f6ren.<br \/>\nIngram Hartinger, der K\u00e4rntner Kollege, der auch Psychologe ist, folgte und widmete seine Lesung dem langj\u00e4hrigen Gerneralsekret\u00e4r Gerhard Kofler, der 2005 verstorben ist.<br \/>\nPetra Ganglbauer, die als n\u00e4chstes lesen h\u00e4tte sollen, war erkrankt, dann kamen Klaus Ebner, Georg Bydlinky, der wieder Versammlungsgedichte hatte, wo es auch um Brotfeste ging, Georg Biron und Walter Baco, dem Albatrosverleger und sehr aktiven Kollegen, der auch als Musiker t\u00e4tig ist und einige &#8220;Getanzte Gedichte&#8221;-CDs herausgegeben hat und am Schlu\u00df Rolf Schwendter mit seinem extra zum Thema angefertigten Langgedicht, das von der Revolution von 1789 bis zur Gr\u00fcndung 1973 ging und die Kinderl\u00e4den und die Wohngemeinschaften einbezog.<br \/>\nEine Brosch\u00fcre &#8220;Die ersten vierzig Jahre&#8221;, die Andreas Renoldner zusammengestellt hat, ist am B\u00fcchertisch aufgelegen, von ihr habe ich auch die Pr\u00e4sidentenreihenfolge \u00fcbernommen.<br \/>\nDagmar Fischer, Ruth Asp\u00f6ck, Margit Heumann, Susanne Schneider, Ottwald John, Helmut Rizy und noch viele andere habe ich  gesehen, obwohl sich die Reihen sichtlich leerten und ich kann auch noch etwas ganz pers\u00f6nlich Erfreuliches anf\u00fchren, ich habe ich eine Einladung zu einer Literaturgefl\u00fcsterlesung in Radio Fro, dem ober\u00f6sterreichischen Radio bekommen, was mit der GAV und der Lyrik im M\u00e4rz zwar nichts zu tun hat, aber sehr erfreulich ist, wieder mal im World Wide Net bemerkt zu werden.<br \/>\nUnd einen neuen Papst haben die Katholiken auch bekommen, das hat mit der GAV ebenfalls nichts zu tun.<\/p>\n","protected":false},"excerpt":{"rendered":"<p>Die Grazer Autorinnen Autorenversammlung wird heuer vierzig und hat zwei traditionelle Gro\u00dfveranstaltungen, die Lyrik im M\u00e4rz und den Tag der Freiheit des Wortes am 10. Mai bzw. Juni, wie es in den letzten Jahren, so war. Heidi Pataki, die vorletzte &hellip; <a href=\"https:\/\/literaturgefluester.akis.site\/?p=20133\">Continue reading <span class=\"meta-nav\">&rarr;<\/span><\/a><\/p>\n","protected":false},"author":2,"featured_media":0,"comment_status":"open","ping_status":"open","sticky":false,"template":"","format":"standard","meta":{"footnotes":""},"categories":[41],"tags":[],"class_list":["post-20133","post","type-post","status-publish","format-standard","hentry","category-uncategorized"],"_links":{"self":[{"href":"https:\/\/literaturgefluester.akis.site\/index.php?rest_route=\/wp\/v2\/posts\/20133","targetHints":{"allow":["GET"]}}],"collection":[{"href":"https:\/\/literaturgefluester.akis.site\/index.php?rest_route=\/wp\/v2\/posts"}],"about":[{"href":"https:\/\/literaturgefluester.akis.site\/index.php?rest_route=\/wp\/v2\/types\/post"}],"author":[{"embeddable":true,"href":"https:\/\/literaturgefluester.akis.site\/index.php?rest_route=\/wp\/v2\/users\/2"}],"replies":[{"embeddable":true,"href":"https:\/\/literaturgefluester.akis.site\/index.php?rest_route=%2Fwp%2Fv2%2Fcomments&post=20133"}],"version-history":[{"count":0,"href":"https:\/\/literaturgefluester.akis.site\/index.php?rest_route=\/wp\/v2\/posts\/20133\/revisions"}],"wp:attachment":[{"href":"https:\/\/literaturgefluester.akis.site\/index.php?rest_route=%2Fwp%2Fv2%2Fmedia&parent=20133"}],"wp:term":[{"taxonomy":"category","embeddable":true,"href":"https:\/\/literaturgefluester.akis.site\/index.php?rest_route=%2Fwp%2Fv2%2Fcategories&post=20133"},{"taxonomy":"post_tag","embeddable":true,"href":"https:\/\/literaturgefluester.akis.site\/index.php?rest_route=%2Fwp%2Fv2%2Ftags&post=20133"}],"curies":[{"name":"wp","href":"https:\/\/api.w.org\/{rel}","templated":true}]}}