{"id":20058,"date":"2013-03-09T22:30:18","date_gmt":"2013-03-09T21:30:18","guid":{"rendered":"http:\/\/literaturgefluester.wordpress.com\/?p=20058"},"modified":"2013-03-09T22:30:18","modified_gmt":"2013-03-09T21:30:18","slug":"noch-einmal-hauptbucherei","status":"publish","type":"post","link":"https:\/\/literaturgefluester.akis.site\/?p=20058","title":{"rendered":"Noch einmal Hauptb\u00fccherei"},"content":{"rendered":"<div id=\"attachment_20068\" style=\"width: 208px\" class=\"wp-caption alignright\"><a href=\"http:\/\/literaturgefluester.files.wordpress.com\/2013\/03\/20130309-201726.jpg\"><img loading=\"lazy\" decoding=\"async\" aria-describedby=\"caption-attachment-20068\" src=\"http:\/\/literaturgefluester.files.wordpress.com\/2013\/03\/20130309-201726.jpg?w=198\" alt=\"Cornelius Hell\" width=\"198\" height=\"300\" class=\"size-medium wp-image-20068\" \/><\/a><p id=\"caption-attachment-20068\" class=\"wp-caption-text\">Cornelius Hell<\/p><\/div>\n<p>Normalerweise finden ja am Samstag keine Veranstaltungen in der Hauptb\u00fccherei statt, aber Peter Esterhazy tritt am Montag in der Sendung les.art auf und pr\u00e4sentierte vorher sein neues Buch &#8220;Esti&#8221;, das eigentlich eine Figur aus einem Roman von Desz\u00f6 Kosztolany 1885-1936 ist, der in seinen &#8220;Bekenntnissen des Kornel Esti&#8221;, in Deutsch unter dem Titel &#8220;Ein Held seiner Zeit&#8221;, erschienen, nach dem Vorbild von Thomas Mann &#8220;Felix Krull&#8221;, siebzehn Schelmengeschichten schrieb und diesen Romanhelden hat der 1950 geborene Peter Esterhazy jetzt offenbar wiederbelebt und ihm auch verschiedene Rollen gegeben.<br \/>\nCornelius Hell, der die Veranstaltung moderierte und auch ein Buch \u00fcber Budapest geschrieben hat, in dem er \u00f6fter auf Peter Esterhazy hinwies, bzw. ihn schon mehrmals interviewte, begann seine Moderation damit, da\u00df er sich \u00fcber das Buch, weil er ja Cornelius hei\u00dft und als Kind Cornel gerufen wurde, auf das Buch freute und gab dann eine sehr umfangreiche Einleitung, die Peter Esterhazy etwas zu st\u00f6ren schien, &#8220;Sie erz\u00e4hlen ja schon alles was ich lesen werde!&#8221;<br \/>\nMir ist der Unterschied zwischen den beiden B\u00fcchern aber nicht so recht klargeworden.<br \/>\nEine Gelegenheit beide zu lesen, um es herauszufinden, ich wei\u00df, trotzdem habe ich den Alfred vom Kaufen abgehalten, habe ich ja schon so viele B\u00fccher und wieder einige beim B\u00fccherschrank gefunden, an dem ich nat\u00fcrlich vorbeigekommen und dabei auch Ruth Asp\u00f6ck getroffen.<br \/>\n&#8220;Esti c \u00e8st moi!&#8221;, steht irgendwo bei Peter Esterhazy und der erz\u00e4hlte auch im Gespr\u00e4ch mit Cornelius Hell, da\u00df er als Sch\u00fcler Kosztolany kennenlernte und begann mit der Lesung mit einem Kapitel &#8220;Kornel Esti und die deutsche Sprache&#8221;, wo es um das Deutschlernen eines Ungarn ging, am Nachmittag vertieft er sich in seine B\u00fccher, versucht selbst eine Novelle zu schreiben, zitiert dann Jandl und  geht in seine Kindheit zur\u00fcck, wo er bei der Tante Deutsch lernte und das aus einem &#8220;Fix und Foxi&#8221;- Heft aus den Sechzigerjahren mit einer Sprechblase und einem Wort machte, dann kam noch die Baronin dazu, die der Vater den Kindern als Hauslehrerin holte und der Junge verliert st\u00e4ndig seinen Radiergummi, um unter den Tisch kriechen zu k\u00f6nnen und sich die Unterhose der Lehrerin anzusehen, die ihn in ihrer M\u00e4chtigkeit faszinierte.<br \/>\nDann kam das Gespr\u00e4ch, wo Esterhazy einiges \u00fcber sich erz\u00e4hlte und dann kamen noch die Kapitel, die Cornelius Hell schon in seiner Einleitung angedeutet hatte.<\/p>\n<div id=\"attachment_20066\" style=\"width: 208px\" class=\"wp-caption alignleft\"><a href=\"http:\/\/literaturgefluester.files.wordpress.com\/2013\/03\/20130309-210505.jpg\"><img loading=\"lazy\" decoding=\"async\" aria-describedby=\"caption-attachment-20066\" src=\"http:\/\/literaturgefluester.files.wordpress.com\/2013\/03\/20130309-210505.jpg?w=198\" alt=\"Peter Esterhazy\" width=\"198\" height=\"300\" class=\"size-medium wp-image-20066\" \/><\/a><p id=\"caption-attachment-20066\" class=\"wp-caption-text\">Peter Esterhazy<\/p><\/div>\n<div id=\"attachment_20065\" style=\"width: 208px\" class=\"wp-caption alignright\"><a href=\"http:\/\/literaturgefluester.files.wordpress.com\/2013\/03\/20130309-202751.jpg\"><img loading=\"lazy\" decoding=\"async\" aria-describedby=\"caption-attachment-20065\" src=\"http:\/\/literaturgefluester.files.wordpress.com\/2013\/03\/20130309-202751.jpg?w=198\" alt=\"Peter Esterhazy\" width=\"198\" height=\"300\" class=\"size-medium wp-image-20065\" \/><\/a><p id=\"caption-attachment-20065\" class=\"wp-caption-text\">Peter Esterhazy<\/p><\/div>\n<p>Eine italienische Putzfrau in der Toscana, die Esti so schnell auf Italienisch was erz\u00e4hlte, da\u00df er immer nur &#8220;Si, si!&#8221;, antwortete und sie dabei offenbar so mi\u00dfverstand, da\u00df sie entsetzt davon fl\u00fcchtete und dann eine Szene, wo Esti einem Dieb nachl\u00e4uft und dann noch die, wo die Tochter zu Weihnachten eine Hundepfote den Eltern schenkt, weil sie einen Hund haben m\u00f6chte und den ihnen auf Raten kauft, interessant, interessant, obwohl ich den Unterschied der beiden B\u00fccher nicht so ganz verstanden habe, am B\u00fcchertisch lagen die B\u00fccher von beiden Autoren auf und ich habe auch meine Peter Esterhazy Geschichte, von dem ich nicht sicher bin, ob ich ihn schon einmal einmal bei einer Lesung h\u00f6rte, mir aber 1989 ein Buch von ihm besorgte, ich glaube, es waren die &#8220;Hilfsverben des Herzen&#8221;, weil ich da ja \u00fcber die Ver\u00e4nderungen in Ungarn nach der Wende etwas schreiben wollte, am Recherchieren aber entsetzlich gescheitert bin, so da\u00df nicht mehr als das erste halbe Kapitel entstanden ist.<br \/>\nIch habe dann noch das 1996 erschienene &#8220;Eine Frau&#8221;, in meinen Katalog eingetragen und bei Buchlandung auf der Mariahilferstra\u00dfe habe ich mir einmal um einen Euro einen Marginalienband zu dem Monsterwerk &#8220;Harmonia Celestis&#8221; gekauft, also Peter Esterhazy nicht wirklich viel gelesen, aber jetzt einen guten Eindruck von dem selbstbewu\u00dften, wei\u00dfhaarigen Dichter mit der leisen freundlichen Stimme bekommen.<br \/>\nUnd in &#8220;Diagonal&#8221; gab es zwei Stunden \u00fcber B\u00fccher, wo auch einiges \u00fcber meine <a href=\"http:\/\/literaturgefluester.wordpress.com\/2013\/03\/02\/ware-buch\/\">Lieblingsthemen<\/a>, die <a href=\"http:\/\/literaturgefluester.wordpress.com\/2013\/02\/07\/lesegewohnheiten\/\">Lesegewohnheiten<\/a>, die ver\u00e4nderten Billyregale und die ausger\u00e4umten Wohnzimmer, ich denke ja immer, das sind die B\u00fccher, die ich in den B\u00fccherschr\u00e4nke finden, obwohl in \u00d6sterreich ja angeblich nur ein Prozent die E-Books n\u00fctzen, die Verleger, die Lektoren, etc zu h\u00f6ren war, wahrscheinlich weil bald die Leipziger Buchmesse naht.<\/p>\n","protected":false},"excerpt":{"rendered":"<p>Normalerweise finden ja am Samstag keine Veranstaltungen in der Hauptb\u00fccherei statt, aber Peter Esterhazy tritt am Montag in der Sendung les.art auf und pr\u00e4sentierte vorher sein neues Buch &#8220;Esti&#8221;, das eigentlich eine Figur aus einem Roman von Desz\u00f6 Kosztolany 1885-1936 &hellip; <a href=\"https:\/\/literaturgefluester.akis.site\/?p=20058\">Continue reading <span class=\"meta-nav\">&rarr;<\/span><\/a><\/p>\n","protected":false},"author":2,"featured_media":0,"comment_status":"open","ping_status":"open","sticky":false,"template":"","format":"standard","meta":{"footnotes":""},"categories":[41],"tags":[],"class_list":["post-20058","post","type-post","status-publish","format-standard","hentry","category-uncategorized"],"_links":{"self":[{"href":"https:\/\/literaturgefluester.akis.site\/index.php?rest_route=\/wp\/v2\/posts\/20058","targetHints":{"allow":["GET"]}}],"collection":[{"href":"https:\/\/literaturgefluester.akis.site\/index.php?rest_route=\/wp\/v2\/posts"}],"about":[{"href":"https:\/\/literaturgefluester.akis.site\/index.php?rest_route=\/wp\/v2\/types\/post"}],"author":[{"embeddable":true,"href":"https:\/\/literaturgefluester.akis.site\/index.php?rest_route=\/wp\/v2\/users\/2"}],"replies":[{"embeddable":true,"href":"https:\/\/literaturgefluester.akis.site\/index.php?rest_route=%2Fwp%2Fv2%2Fcomments&post=20058"}],"version-history":[{"count":0,"href":"https:\/\/literaturgefluester.akis.site\/index.php?rest_route=\/wp\/v2\/posts\/20058\/revisions"}],"wp:attachment":[{"href":"https:\/\/literaturgefluester.akis.site\/index.php?rest_route=%2Fwp%2Fv2%2Fmedia&parent=20058"}],"wp:term":[{"taxonomy":"category","embeddable":true,"href":"https:\/\/literaturgefluester.akis.site\/index.php?rest_route=%2Fwp%2Fv2%2Fcategories&post=20058"},{"taxonomy":"post_tag","embeddable":true,"href":"https:\/\/literaturgefluester.akis.site\/index.php?rest_route=%2Fwp%2Fv2%2Ftags&post=20058"}],"curies":[{"name":"wp","href":"https:\/\/api.w.org\/{rel}","templated":true}]}}