{"id":19999,"date":"2013-03-07T00:31:45","date_gmt":"2013-03-06T23:31:45","guid":{"rendered":"http:\/\/literaturgefluester.wordpress.com\/?p=19999"},"modified":"2013-03-07T00:31:45","modified_gmt":"2013-03-06T23:31:45","slug":"ein-fest-fur-franz","status":"publish","type":"post","link":"https:\/\/literaturgefluester.akis.site\/?p=19999","title":{"rendered":"Ein Fest f\u00fcr Franz"},"content":{"rendered":"<p><div id=\"attachment_20022\" style=\"width: 310px\" class=\"wp-caption alignleft\"><a href=\"http:\/\/literaturgefluester.files.wordpress.com\/2013\/03\/20130306-235810.jpg\"><img loading=\"lazy\" decoding=\"async\" aria-describedby=\"caption-attachment-20022\" class=\"size-medium wp-image-20022\" alt=\"Band Franz Josef\" src=\"http:\/\/literaturgefluester.files.wordpress.com\/2013\/03\/20130306-235810.jpg?w=300\" width=\"300\" height=\"198\" \/><\/a><p id=\"caption-attachment-20022\" class=\"wp-caption-text\">Band Franz Josef<\/p><\/div><br \/>\n<div id=\"attachment_20009\" style=\"width: 208px\" class=\"wp-caption alignright\"><a href=\"http:\/\/literaturgefluester.files.wordpress.com\/2013\/03\/20130306-211903.jpg\"><img loading=\"lazy\" decoding=\"async\" aria-describedby=\"caption-attachment-20009\" src=\"http:\/\/literaturgefluester.files.wordpress.com\/2013\/03\/20130306-211903.jpg?w=198\" alt=\"Andrea Pauli\" width=\"198\" height=\"300\" class=\"size-medium wp-image-20009\" \/><\/a><p id=\"caption-attachment-20009\" class=\"wp-caption-text\">Andrea Pauli<\/p><\/div><\/p>\n<p>Vor einem Jahr, am <a href=\"http:\/\/literaturgefluester.wordpress.com\/2012\/02\/29\/poetik-der-kindheit\/\">28. Februar 2012<\/a> ist Franz H\u00fctterer an einer Lungenentz\u00fcndung gestorben und so gab es am Mittwoch in der Sargfabrik eine von Andrea Pauli und Harald Huber organisierte in Memoriam Veranstaltung.<br \/>\nKennengelernt habe ich den Lehrer, Lyriker, Satiriker, Kabarettisten, glaube ich, im 2000 im Lesetheater, wo er bei vielen Veranstaltungen mitwirkte.<br \/>\nDas bei Podium erschiene <a href=\"http:\/\/literaturgefluester.wordpress.com\/2010\/05\/04\/lyrik-bade-session\/\">Lyrikb\u00e4ndchen<\/a>, habe ich mit ihm bei einer &#8220;Freiheit des Wortes&#8221;- Veranstaltungen, wo er gelesen hat, getauscht und kann mich auch an einige <a href=\"http:\/\/literaturgefluester.wordpress.com\/2011\/09\/25\/poet-night-2\/\">Poet-Nights<\/a> erinnern, wo er gelesen hat.<br \/>\nZu Ostern 2010 ist er, glaube ich, auf meinen oder ich auf seinen Blog gekommen, wo er mich verlinkte und wir eine Zeitlang regen Kontakt hatte, es ist eine interessante Frage, was mit einem Blog, nach Tod des Bloginhabers geschieht, die <a href=\"http:\/\/baerenpost.myblog.de\/baerenpost\/about\">Baerenpost<\/a> gibt es noch immer mit dem letzten Eintrag vom 31. 12. 11 &#8220;Nachdem nun der Herausgeberb\u00e4r selbst fast drei Woche nicht in seinen Blog kam, kan es Euch ebenso ergangen sein. Aber im &#8220;neuen&#8221; Jahr mit neuen Schwung wird wieder gebloggt, was das Zeug h\u00e4lt!&#8221; Soweit ist es dann nicht mehr gekommen und dann habe ich Franz H\u00fctterer bei den <a href=\"http:\/\/literaturgefluester.wordpress.com\/2009\/09\/15\/gast-bei-den-wilden-worten\/\">Wilden Worten<\/a> getroffen, wo er mit Richard Weihs und Michaela Opferkuh Wunschgedichte, dichtete, die inzwischen von Richard Weihs alleine betrieben werden und kann mich, glaube ich, auch an meine letzte Begegnung mit ihm erinnern, wir haben uns irgendwo auf der Stra\u00dfe getroffen und er hat mich gefragt, ob ich zu einer Lesetheaterveranstaltung gehe?<\/p>\n<p><div id=\"attachment_20010\" style=\"width: 208px\" class=\"wp-caption alignleft\"><a href=\"http:\/\/literaturgefluester.files.wordpress.com\/2013\/03\/20130306-212945.jpg\"><img loading=\"lazy\" decoding=\"async\" aria-describedby=\"caption-attachment-20010\" src=\"http:\/\/literaturgefluester.files.wordpress.com\/2013\/03\/20130306-212945.jpg?w=198\" alt=\"Eva Tacha-Breitling\" width=\"198\" height=\"300\" class=\"size-medium wp-image-20010\" \/><\/a><p id=\"caption-attachment-20010\" class=\"wp-caption-text\">Eva Tacha-Breitling<\/p><\/div><br \/>\n<div id=\"attachment_20012\" style=\"width: 208px\" class=\"wp-caption alignright\"><a href=\"http:\/\/literaturgefluester.files.wordpress.com\/2013\/03\/20130306-213555.jpg\"><img loading=\"lazy\" decoding=\"async\" aria-describedby=\"caption-attachment-20012\" src=\"http:\/\/literaturgefluester.files.wordpress.com\/2013\/03\/20130306-213555.jpg?w=198\" alt=\"Richard Weihs\" width=\"198\" height=\"300\" class=\"size-medium wp-image-20012\" \/><\/a><p id=\"caption-attachment-20012\" class=\"wp-caption-text\">Richard Weihs<\/p><\/div><\/p>\n<p>Jetzt also die &#8220;Fest f\u00fcr Franz&#8221; genannte in Memoriam Lesung mit Konzert, denn Harald Huber hat H\u00fctterer Gedichte vertont, die die Band Franz Josef vorgetragen hat.<br \/>\nMit dem Lied des Clown &#8211; Ich bin der Clown, der niemals lustig ist, der Zauberer der jeden Trick vergi\u00dft, der Schauspieler ganz ohne Gesicht und der S\u00e4nger dem die Stimme bricht &#8211; ich bin der Niemand&#8221;, hat es begonnen, dann kam Andrea Pauli vom Lesetheater mit einem Brief oder Mail von Josef Hader und erz\u00e4hlte, wie sie dazu gekommen ist, diese Veranstaltung zu organisieren.<br \/>\nRichard Weihs und Eva Tacha-Breitling lasen dann &#8220;Notate aus dem blauen Notizbuch&#8221;, mit Texten \u00fcber Franz H\u00fctterers Vater und anderen Betrachtungen.<br \/>\nDann kam Claudius Loner, der von Franz H\u00fctterer als Lehrer erz\u00e4hlte, der wandelnden Bibliothek, die er gewesen ist, seiner Begeisterung mit der andere f\u00fcr Literatur, das Schulspiel, etc interessierte und da kann ich mich auch an eine meiner ersten Begegnungen mit ihm erinnern. Ich glaube es war eine Festveranstaltung zu einem Geburtstag von Rolf Schwendter wo er einen Scatch mit Sch\u00fclern einer Volkshochschulgruppe auff\u00fchrte.<br \/>\nJulia Danilczyk von der Handschriftensammlung der Wien-Bibliothek erz\u00e4hlte, wie sie mit Andrea Pauli den Nachla\u00df geordent und in einigen sauredichten Archivboxen abtransportiert hat.<\/p>\n<p><div id=\"attachment_20008\" style=\"width: 208px\" class=\"wp-caption alignleft\"><a href=\"http:\/\/literaturgefluester.files.wordpress.com\/2013\/03\/20130306-211001.jpg\"><img loading=\"lazy\" decoding=\"async\" aria-describedby=\"caption-attachment-20008\" src=\"http:\/\/literaturgefluester.files.wordpress.com\/2013\/03\/20130306-211001.jpg?w=198\" alt=\"Julia Danilczyk\" width=\"198\" height=\"300\" class=\"size-medium wp-image-20008\" \/><\/a><p id=\"caption-attachment-20008\" class=\"wp-caption-text\">Julia Danilczyk<\/p><\/div><br \/>\n<div id=\"attachment_20013\" style=\"width: 310px\" class=\"wp-caption alignright\"><a href=\"http:\/\/literaturgefluester.files.wordpress.com\/2013\/03\/20130306-214437.jpg\"><img loading=\"lazy\" decoding=\"async\" aria-describedby=\"caption-attachment-20013\" src=\"http:\/\/literaturgefluester.files.wordpress.com\/2013\/03\/20130306-214437.jpg?w=300\" alt=\"Christina Zurbr\u00fcgg,\" width=\"300\" height=\"198\" class=\"size-medium wp-image-20013\" \/><\/a><p id=\"caption-attachment-20013\" class=\"wp-caption-text\">Christina Zurbr\u00fcgg,<\/p><\/div><\/p>\n<p>Im Hintergrund der B\u00fchne wurden H\u00fctterer Fotos projeziert, so da\u00df man sich hautnah an ihn erinnern konnte und bei einer Kabaretteinlage, gab es dann auch ein Originalvideo, denn Franz H\u00fctterer hat auch einige Kabarettgruppen gegr\u00fcndet, so da\u00df er vom Standard als &#8220;ewiger Geheimtip bezeichnet wurde.<br \/>\nChristina Zurbr\u00fcgg, die offensichtlich auch einmal bei den &#8220;Wilden Worten&#8221; mitgemacht hat, las ein langes Wunschgedicht zum Thema &#8220;Vollautormatischer Eierschneider&#8221;, das sehr lustig, lang und nat\u00fcrlich viel weniger lyrisch als die &#8220;Gl\u00fccks-Schl\u00e4ge&#8221; war und sang noch eine Liedvertonung.<br \/>\nBeppo Beyerl, Martin Auer und Erwin Leder brachten Kabarettnummer, bzw. Erinnerungen, aus den &#8220;Gl\u00fccks-Schl\u00e4gen&#8221; wurde viel gelesen und am Schlu\u00df trat noch einmal die Band Franz Josef auf und gab f\u00fcnf Lieder zum besten, in denen man sowohl den Dichter, als auch den Liebenden und den Hedonisten erkennen konnte, denn Franz H\u00fctterer hat, wie ich seinem Blog entnehmen konnte, auch gerne Chremeschnitten und anderes gegessen.<\/p>\n<p><div id=\"attachment_20017\" style=\"width: 208px\" class=\"wp-caption alignleft\"><a href=\"http:\/\/literaturgefluester.files.wordpress.com\/2013\/03\/20130306-221536.jpg\"><img loading=\"lazy\" decoding=\"async\" aria-describedby=\"caption-attachment-20017\" src=\"http:\/\/literaturgefluester.files.wordpress.com\/2013\/03\/20130306-221536.jpg?w=198\" alt=\"Erwin Leder\" width=\"198\" height=\"300\" class=\"size-medium wp-image-20017\" \/><\/a><p id=\"caption-attachment-20017\" class=\"wp-caption-text\">Erwin Leder<\/p><\/div><br \/>\n<div id=\"attachment_20020\" style=\"width: 208px\" class=\"wp-caption alignright\"><a href=\"http:\/\/literaturgefluester.files.wordpress.com\/2013\/03\/20130306-230452.jpg\"><img loading=\"lazy\" decoding=\"async\" aria-describedby=\"caption-attachment-20020\" src=\"http:\/\/literaturgefluester.files.wordpress.com\/2013\/03\/20130306-230452.jpg?w=198\" alt=\"Martin Auer\" width=\"198\" height=\"300\" class=\"size-medium wp-image-20020\" \/><\/a><p id=\"caption-attachment-20020\" class=\"wp-caption-text\">Martin Auer<\/p><\/div><\/p>\n<p>Franz H\u00fctterer Mutter war im Publikum und einige bekannte aus dem Lesetheater, wie Susanne Schneider, Christian Katt und Hahnrei Wolf K\u00e4fer.<br \/>\nAndrea Pauli rief noch alle auf, ein Glas auf Franz H\u00fctterer zu trinken und betonte, da\u00df das die Einnahmen und Spenden f\u00fcr einen Lyrikband und eine CD-verwendet werden, so da\u00df es vielleicht bald mehr von Franz H\u00fctterer zu h\u00f6ren und zu lesen geben wird.<\/p>\n","protected":false},"excerpt":{"rendered":"<p>Vor einem Jahr, am 28. Februar 2012 ist Franz H\u00fctterer an einer Lungenentz\u00fcndung gestorben und so gab es am Mittwoch in der Sargfabrik eine von Andrea Pauli und Harald Huber organisierte in Memoriam Veranstaltung. Kennengelernt habe ich den Lehrer, Lyriker, &hellip; <a href=\"https:\/\/literaturgefluester.akis.site\/?p=19999\">Continue reading <span class=\"meta-nav\">&rarr;<\/span><\/a><\/p>\n","protected":false},"author":2,"featured_media":0,"comment_status":"open","ping_status":"open","sticky":false,"template":"","format":"standard","meta":{"footnotes":""},"categories":[41],"tags":[],"class_list":["post-19999","post","type-post","status-publish","format-standard","hentry","category-uncategorized"],"_links":{"self":[{"href":"https:\/\/literaturgefluester.akis.site\/index.php?rest_route=\/wp\/v2\/posts\/19999","targetHints":{"allow":["GET"]}}],"collection":[{"href":"https:\/\/literaturgefluester.akis.site\/index.php?rest_route=\/wp\/v2\/posts"}],"about":[{"href":"https:\/\/literaturgefluester.akis.site\/index.php?rest_route=\/wp\/v2\/types\/post"}],"author":[{"embeddable":true,"href":"https:\/\/literaturgefluester.akis.site\/index.php?rest_route=\/wp\/v2\/users\/2"}],"replies":[{"embeddable":true,"href":"https:\/\/literaturgefluester.akis.site\/index.php?rest_route=%2Fwp%2Fv2%2Fcomments&post=19999"}],"version-history":[{"count":0,"href":"https:\/\/literaturgefluester.akis.site\/index.php?rest_route=\/wp\/v2\/posts\/19999\/revisions"}],"wp:attachment":[{"href":"https:\/\/literaturgefluester.akis.site\/index.php?rest_route=%2Fwp%2Fv2%2Fmedia&parent=19999"}],"wp:term":[{"taxonomy":"category","embeddable":true,"href":"https:\/\/literaturgefluester.akis.site\/index.php?rest_route=%2Fwp%2Fv2%2Fcategories&post=19999"},{"taxonomy":"post_tag","embeddable":true,"href":"https:\/\/literaturgefluester.akis.site\/index.php?rest_route=%2Fwp%2Fv2%2Ftags&post=19999"}],"curies":[{"name":"wp","href":"https:\/\/api.w.org\/{rel}","templated":true}]}}