{"id":19936,"date":"2013-03-05T00:06:27","date_gmt":"2013-03-04T23:06:27","guid":{"rendered":"http:\/\/literaturgefluester.wordpress.com\/?p=19936"},"modified":"2013-03-05T00:06:27","modified_gmt":"2013-03-04T23:06:27","slug":"schwedische-dichtung","status":"publish","type":"post","link":"https:\/\/literaturgefluester.akis.site\/?p=19936","title":{"rendered":"Schwedische Dichtung"},"content":{"rendered":"<p>In der Alten Schmiede gibt es derzeit schwedische Dichtung was sehr gut zum Monat M\u00e4rz mit seien speziellen Lyrikschwerpunkt dem sich vor allem die Gesellschaft f\u00fcr Literatur besonders widmet, aber auch die GAV ihre traditionelle Lyrik im M\u00e4rz Veranstaltung hat, passt.<br \/>\nVon der Romantik zur Gegenwart und in drei Jahrhunderten, werden dort in in Zusammenarbeit mit der schwedischen Botschaft zwei sehr spezielle Veranstaltungsabenden angeboten, denn im M\u00fcnster Kleinheinrich Verlag hat Klaus J\u00fcrgen Liedke, die siebenb\u00e4ndige Werkausgabe des von  1907 &#8211; 1968 lebenden Gunnar Ekel\u00f6f, der wie in Wikipedia steht und ich keine Ahnung hatte, einer der bedeutenden schwedischen Lyriker des zwanzigsten Jahrhunderts ist, herausgegeben.<br \/>\nSo gab es in der Stunde der literarischen Erleuchtung eine zweisprachige Lesung von Anders Olsson und und Klaus J\u00fcrgen Liedke, die zwei lange und ein k\u00fcrzeres Gedicht ausgew\u00e4hlt hatten, die von dem 1949  geborenen Anders Olsson, der auch ein Buch \u00fcber Gunnar Ekel\u00f6fs Werke geschrieben hat, eingeleitet wurde und der, sehr gut Deutsch sprechend, erz\u00e4hlte, da\u00df Ekel\u00f6f in Paris vom Surreal- und Symbolismus beeinflu\u00dft wurde, seinen Gedichten eine sehr musikalische Sprache gab und auch vom Buddhismus sehr gepr\u00e4gt wurde.<br \/>\nDas erste Gedicht ist 1951 erschienen, tr\u00e4gt den Titel &#8220;Stimmen unter der Erde&#8221; und ist in einer sehr speziellen Klangweise von Trauminhalten bbestimmt.<br \/>\nBeim zweiten handelte es sich um ein melancholisches Herbstgedicht, in dem es auch der Nonsense einbezogen wurde, w\u00e4hrend das dritte von Holzst\u00fccken und Ikonen handelnd aus der buddhistischen Phase stammte.<br \/>\nIn der langen Pause, bis es mit Anders Olssons in Deutsch erschienenen Gedichtband &#8220;Aber so unendlich leicht dir zu antworten&#8221;, weiterging, konnte man sich die Werkausgabe ansehen, in den sieben B\u00e4nden bl\u00e4ttern, von Klaus J\u00fcrgen Liedke lag auch ein Gedichtband auf und Buch \u00fcber ein Dorf in <a href=\"http:\/\/literaturgefluester.wordpress.com\/2011\/08\/12\/wieder-zuruck-aus-dem-urlaub\/\">Ostpreu\u00dfen<\/a>, dann ging es weiter mit der Lesung von Anders Olsson, der, wie Kurt Neumann erw\u00e4hnte, sieben Gedichtb\u00e4nde herausbrachte, auf Deutsch ist nur einer erschienen, in dem es Haikus und  sich weiterentwickelnde Zweizeiler gibt, aber auch  Gedichte, die einen Nachruf auf den in der Psychiatrie verstorbenen Bruder darstellen und in dem, wie es in der Verlagsank\u00fcndigung steht, auch viel um Tanz und Bewegung geht.<br \/>\nKurt Neumann f\u00fchrte in die Gedichte ein und las  die deutsche \u00dcbersetzung.<br \/>\nAnders Olsson ist, wie Gunnar Ekel\u00f6f auch von fern\u00f6stlichen Elementen inspiriert, liebt die Stille und japanische Meditationstechniken und so wurde es eine sehr spezielle und f\u00fcr mich sehr neueLesung, hatte ich von den Beiden, wie \u00fcberhaupt von der schwedischen Lyrik der letzten drei Jahrhundert bis jetzt noch nicht sehr viel geh\u00f6rt, da ich die schwedische Literatur ja eher auch von ihren Krimis kenne.<br \/>\nHeute gibts noch einen Abend in der schwedischen Residenz, wo Josef Kleinheinrich seinen Verlag pr\u00e4sentieren wird und dieselben Protagonisten Erik Johan Stagnelius, der von 1793-1823 lebte, vorstellen werden.<br \/>\nDie Alte Schmiede und schwedische Botschaft hat f\u00fcr das an der schwedischen Literatur interessierten Publikum ein besonderes Programm zusammengestellt, erkl\u00e4rte Kurt Neumann noch, aber da werde ich in die Wien-Bibliothek gehen, da es dort eine Hommage an zwei eher unbekannte \u00f6sterreichische Dichter, n\u00e4mlich Felixs Braun und K\u00e4the  Braun-Prager gibt, die mich auch sehr interessieren und in den Tonspuren gibt es diese Woche, auch zum Lyrikschwerpunkt und zu dem anderen Ereignis, das \u00d6sterreich vor f\u00fcnfundsiebzig Jahren sehr betroffen hat, passend, ein Portrait von Theodor Kramer, der ja einer der bekanntesten Lyriker der Neunzehnhundertdrei\u00dfigerjahre war und nach der Emigration vergessen wurde, bis Konstantin Kaiser und wahrscheinlich andere die Theodor Kramer Gesellschaft gr\u00fcndeten.  <\/p>\n","protected":false},"excerpt":{"rendered":"<p>In der Alten Schmiede gibt es derzeit schwedische Dichtung was sehr gut zum Monat M\u00e4rz mit seien speziellen Lyrikschwerpunkt dem sich vor allem die Gesellschaft f\u00fcr Literatur besonders widmet, aber auch die GAV ihre traditionelle Lyrik im M\u00e4rz Veranstaltung hat, &hellip; <a href=\"https:\/\/literaturgefluester.akis.site\/?p=19936\">Continue reading <span class=\"meta-nav\">&rarr;<\/span><\/a><\/p>\n","protected":false},"author":2,"featured_media":0,"comment_status":"open","ping_status":"open","sticky":false,"template":"","format":"standard","meta":{"footnotes":""},"categories":[41],"tags":[],"class_list":["post-19936","post","type-post","status-publish","format-standard","hentry","category-uncategorized"],"_links":{"self":[{"href":"https:\/\/literaturgefluester.akis.site\/index.php?rest_route=\/wp\/v2\/posts\/19936","targetHints":{"allow":["GET"]}}],"collection":[{"href":"https:\/\/literaturgefluester.akis.site\/index.php?rest_route=\/wp\/v2\/posts"}],"about":[{"href":"https:\/\/literaturgefluester.akis.site\/index.php?rest_route=\/wp\/v2\/types\/post"}],"author":[{"embeddable":true,"href":"https:\/\/literaturgefluester.akis.site\/index.php?rest_route=\/wp\/v2\/users\/2"}],"replies":[{"embeddable":true,"href":"https:\/\/literaturgefluester.akis.site\/index.php?rest_route=%2Fwp%2Fv2%2Fcomments&post=19936"}],"version-history":[{"count":0,"href":"https:\/\/literaturgefluester.akis.site\/index.php?rest_route=\/wp\/v2\/posts\/19936\/revisions"}],"wp:attachment":[{"href":"https:\/\/literaturgefluester.akis.site\/index.php?rest_route=%2Fwp%2Fv2%2Fmedia&parent=19936"}],"wp:term":[{"taxonomy":"category","embeddable":true,"href":"https:\/\/literaturgefluester.akis.site\/index.php?rest_route=%2Fwp%2Fv2%2Fcategories&post=19936"},{"taxonomy":"post_tag","embeddable":true,"href":"https:\/\/literaturgefluester.akis.site\/index.php?rest_route=%2Fwp%2Fv2%2Ftags&post=19936"}],"curies":[{"name":"wp","href":"https:\/\/api.w.org\/{rel}","templated":true}]}}