{"id":19825,"date":"2013-02-28T19:06:56","date_gmt":"2013-02-28T18:06:56","guid":{"rendered":"http:\/\/literaturgefluester.wordpress.com\/?p=19825"},"modified":"2013-02-28T19:06:56","modified_gmt":"2013-02-28T18:06:56","slug":"kaffee-bei-erika-brunngraber","status":"publish","type":"post","link":"https:\/\/literaturgefluester.akis.site\/?p=19825","title":{"rendered":"Kaffee bei Erika Brunngraber"},"content":{"rendered":"<p>Im J\u00e4nner gabs ja diese Brunngraber-Veranstaltung in der Gesellschaft f\u00fcr Literatur bez\u00fcglich der beiden bei Milena erschienenen Neuauflagen seiner B\u00fccher und ich bin ja irgendwie ein Brunngraber-Fan, bzw. bin ich mit den B\u00fcchern des &#8220;vergessenen Superstars&#8221; im B\u00fccherkasten meiner Eltern aufgewachsen und war dann nat\u00fcrlich sehr alamiert, als mir Ruth Asp\u00f6ck einmal erz\u00e4hlte, da\u00df sie mit der Brunngraber Tochter befreundet sei, bzw. mit ihr, da sie in ihrer Editon die Donau hinunter den &#8220;Zucker aus Cuba&#8221; verlegte, sich j\u00e4hrlich mit ihr einmal treffe, um die Tantiemen mit ihr abzurechnen..<br \/>\n2007 habe ich Erika Brunngraber pers\u00f6nlich kennengelernt, ist sie mit Hund und Auto ja ein St\u00fcck bei der Radkarawane von Wien nach Bamberg mitgefahren und in Ybbs gabs ja auch einen Brunngraber-Abend im Rathaus und ich habe sie dann auch bei  <a href=\"http:\/\/literaturgefluester.wordpress.com\/2012\/02\/08\/geburtstage\/\">Festen der Ruth <\/a>bzw. bei ihrer <a href=\"http:\/\/literaturgefluester.wordpress.com\/2011\/07\/02\/reisen-auf-eigene-faust\/\">Lesung in Krems<\/a> vor eineinhalb Jahren getroffen.<br \/>\nZu der Veranstaltung in die Gesellschaft der Literatur bin ich gegangen, obwohl es zuerst nicht sicher war, ob ich das k\u00f6nnte, habe ich ja Donnerstag meistens eine Abensstunde, es ist sich aber ausgegangen und ich habe mich auch ein bi\u00dfchen gewundert, weder die Ruth noch Erika Brunngraber dort zu treffen und habe die Ruth ein paar Tage sp\u00e4ter angerufen, weil ich von ihr noch einiges wissen wollte, sind die Brunngraber Angaben, die man bei Wikipedia findet, ja ein bi\u00dfchen l\u00fcckenhaft, Klaus Kastberger wu\u00dfte bei der Veranstaltung aber einiges zu erz\u00e4hlen und war \u00fcber den Charme der F\u00fcnfzigerjahre, die die B\u00fccher ausstrahlen, auch sehr begeistert.<br \/>\n&#8220;Lesen Sie &#8220;Radium!&#8221;, hat er empfohlen, bzw. dem Verlag vorgeschlagen, das ebenfalls neu aufzulegen.<br \/>\nDie Ruth ist dann auf die Idee gekommen sich zum Kaffee zu treffen und mit Erika Brunngraber dar\u00fcber zu plaudern, die uns schlie\u00dflich heute in ihre Gemeindebauwohnung in die Innenstadt eingeladen hat, so da\u00df ich wieder ein St\u00fcckchen Literaturgeschichte hautnah erleben konnte und das sind ja immer sehr faszinierende Aha-Erlebnisse, abseits der offiziellen Veranstaltungen, die man hin und wieder hat.<br \/>\nMit Erika Mitterer habe ich mich beispielsweise ein paar Wochen vor ihrem Tod bei einer Lesung unterhalten, Helmut Zenker hat uns einmal beim Autostoppen von Salzburg nach Wien mitgenommen und die Nachmittage bei Kaffee und Kuchen in einer anderen Gemeindewohnung nahe des Grinzinger Friedhofs, wo sowohl  Thomas Bernhard als jetzt auch <a href=\"http:\/\/literaturgefluester.wordpress.com\/2010\/07\/15\/grinzinger-friedhof\/\">Andreas Okopenko<\/a> begraben liegen, waren eine sch\u00f6ne Arbeitskreistradition.<br \/>\nLang, lang ists her, hat uns doch die Valerie, die Witwe Wilhelm Szabos dort regelm\u00e4\u00dfig eingeladen, wo wir einander unsere Texte vorlasen und \u00fcber Literatur geplaudert haben und Wilhelm Szabo, bzw. die Valerie, hat Erika Brunngraber auch erw\u00e4hnt, bzw. berichtet, da\u00df ihr Papa w\u00e4hrend des Krieges sich \u00f6fter in Weitra aufgehalten hat.<br \/>\nRuth Asp\u00f6ck hat mir eine Werkliste der Brunngraber-B\u00fccher mitgebracht, aber die sind eigentlich recht schwer zu bekommen, obwohl ich in den B\u00fccherk\u00e4sten immer danach Ausschau halte.<br \/>\n&#8220;Zucker aus Cuba&#8221;, &#8220;Heroin&#8221; und &#8220;Radium&#8221;, habe ich von meinen Eltern geerbt.<br \/>\n<a href=\"http:\/\/literaturgefluester.wordpress.com\/2009\/05\/10\/karl-und-das-zwanzigste-jahrhundert\/\">&#8220;Karl und das zwanzigste Jahrhundert&#8221;,<\/a> habe ich mir von der Valerie einmal ausgeborgt und als ich es f\u00fcr die <a href=\"http:\/\/www.jancak.at\/auszug_hunger.html\">&#8220;Sophie Hungers&#8221;<\/a> nochmals lesen wollte, hat es mir der Alfred autiquarisch besorgt. Dann habe ich das Filmdrehbuch vom &#8220;1.April 2000&#8221;, aber sonst nicht sehr viel. Auf der Liste gibt es aber noch einige Werke, die recht interessant klingen und dann habe ich im Internet, als ich nach der Lesung nachgegooglet habe, einen recht interessanten Artikel von Lisa Spalt gefunden, den auch die Ruth mitgebracht hat, so da\u00df es eigentlich eine sehr interessante Arbeitssitzung war, bei Aperitif, Kaffee und Kuchen, nachher gab es noch ein Gl\u00e4schen Sekt, so da\u00df sich die literaturgeschichtlichen Aspekte sehr gut mit der geselligen Unterhaltung verbunden haben. <\/p>\n","protected":false},"excerpt":{"rendered":"<p>Im J\u00e4nner gabs ja diese Brunngraber-Veranstaltung in der Gesellschaft f\u00fcr Literatur bez\u00fcglich der beiden bei Milena erschienenen Neuauflagen seiner B\u00fccher und ich bin ja irgendwie ein Brunngraber-Fan, bzw. bin ich mit den B\u00fcchern des &#8220;vergessenen Superstars&#8221; im B\u00fccherkasten meiner Eltern &hellip; <a href=\"https:\/\/literaturgefluester.akis.site\/?p=19825\">Continue reading <span class=\"meta-nav\">&rarr;<\/span><\/a><\/p>\n","protected":false},"author":2,"featured_media":0,"comment_status":"open","ping_status":"open","sticky":false,"template":"","format":"standard","meta":{"footnotes":""},"categories":[41],"tags":[],"class_list":["post-19825","post","type-post","status-publish","format-standard","hentry","category-uncategorized"],"_links":{"self":[{"href":"https:\/\/literaturgefluester.akis.site\/index.php?rest_route=\/wp\/v2\/posts\/19825","targetHints":{"allow":["GET"]}}],"collection":[{"href":"https:\/\/literaturgefluester.akis.site\/index.php?rest_route=\/wp\/v2\/posts"}],"about":[{"href":"https:\/\/literaturgefluester.akis.site\/index.php?rest_route=\/wp\/v2\/types\/post"}],"author":[{"embeddable":true,"href":"https:\/\/literaturgefluester.akis.site\/index.php?rest_route=\/wp\/v2\/users\/2"}],"replies":[{"embeddable":true,"href":"https:\/\/literaturgefluester.akis.site\/index.php?rest_route=%2Fwp%2Fv2%2Fcomments&post=19825"}],"version-history":[{"count":0,"href":"https:\/\/literaturgefluester.akis.site\/index.php?rest_route=\/wp\/v2\/posts\/19825\/revisions"}],"wp:attachment":[{"href":"https:\/\/literaturgefluester.akis.site\/index.php?rest_route=%2Fwp%2Fv2%2Fmedia&parent=19825"}],"wp:term":[{"taxonomy":"category","embeddable":true,"href":"https:\/\/literaturgefluester.akis.site\/index.php?rest_route=%2Fwp%2Fv2%2Fcategories&post=19825"},{"taxonomy":"post_tag","embeddable":true,"href":"https:\/\/literaturgefluester.akis.site\/index.php?rest_route=%2Fwp%2Fv2%2Ftags&post=19825"}],"curies":[{"name":"wp","href":"https:\/\/api.w.org\/{rel}","templated":true}]}}