{"id":19733,"date":"2013-02-24T23:33:09","date_gmt":"2013-02-24T22:33:09","guid":{"rendered":"http:\/\/literaturgefluester.wordpress.com\/?p=19733"},"modified":"2013-02-24T23:33:09","modified_gmt":"2013-02-24T22:33:09","slug":"ig-autoren","status":"publish","type":"post","link":"https:\/\/literaturgefluester.akis.site\/?p=19733","title":{"rendered":"Von den IG-Autoren zum anderen Buch"},"content":{"rendered":"<p><div id=\"attachment_19769\" style=\"width: 310px\" class=\"wp-caption alignright\"><a href=\"http:\/\/literaturgefluester.files.wordpress.com\/2013\/02\/20130224-193733.jpg\"><img loading=\"lazy\" decoding=\"async\" aria-describedby=\"caption-attachment-19769\" src=\"http:\/\/literaturgefluester.files.wordpress.com\/2013\/02\/20130224-193733.jpg?w=300\" alt=\"Torsten Low\" width=\"300\" height=\"198\" class=\"size-medium wp-image-19769\" \/><\/a><p id=\"caption-attachment-19769\" class=\"wp-caption-text\">Torsten Low<\/p><\/div><br \/>\n<a href=\"http:\/\/literaturgefluester.files.wordpress.com\/2013\/02\/20130224-202554.jpg\"><img loading=\"lazy\" decoding=\"async\" src=\"http:\/\/literaturgefluester.files.wordpress.com\/2013\/02\/20130224-202554.jpg?w=198\" alt=\"20130224-202554\" width=\"198\" height=\"300\" class=\"alignleft size-medium wp-image-19771\" \/><\/a><\/p>\n<p>Am Wochenende wieder Generalversammlung bei den IG-Autoren, was am Samstag ein m\u00f6glichst fr\u00fches Austehen, um in der Badewanne noch Peter Roseis &#8220;Madame Stern&#8221; fertigzulesen und zu besprechen und dann ein Stapfen durch den Schnee bedeutete.<br \/>\nIrre ich mich oder wird der Schnee in Wien nicht mehr von den Gehsteigen wegger\u00e4umt, zumindest kann ich mich nicht erinnern, da\u00df man sich fr\u00fcher an den Kreuzungen durchk\u00e4mpfen mu\u00dfte und nur eine ganz kleine Spur f\u00fcrs Gehen hatte?<br \/>\nDer &#8220;Wortschatz&#8221;, die Evi berichtete dar\u00fcber, ist nicht sehr gut isoliert, so da\u00df es Schnee auf den Regalen gab, zum Gl\u00fcck gab es aber nicht sehr viele B\u00fccher drinnen und im Literaturhaus gab es gleich ein Fr\u00fchst\u00fcck, das hei\u00dft Kaffee und Kuchen, Apfel- Topfenstrudel und auch was mit Nu\u00df und Gespr\u00e4che mit den Kollegen, von denen man einige nur bei der Generalversammlung sieht.<br \/>\nZwei Dialektautoren von <a href=\"http:\/\/literaturgefluester.wordpress.com\/2013\/02\/23\/bei-den-dialektautoren\/\">gestern<\/a> waren da, mit Sepp Gra\u00dfmugg habe ich mich unterhalten, er erz\u00e4hlte mir, da\u00df er im Vorstand der Literaturzeitschrift &#8220;Reibeisen&#8221; sei und im April in die Gesellschaft f\u00fcr Literatur kommt.<br \/>\nGut, zu wissen, Christl Greller, die mich zu einer Veranstaltung einladen will, hat noch immer keinen Ort daf\u00fcr gefunden, sondern ein paar Absagen bekommen.<\/p>\n<p><div id=\"attachment_19762\" style=\"width: 208px\" class=\"wp-caption alignleft\"><a href=\"http:\/\/literaturgefluester.files.wordpress.com\/2013\/02\/20130224-183039.jpg\"><img loading=\"lazy\" decoding=\"async\" aria-describedby=\"caption-attachment-19762\" src=\"http:\/\/literaturgefluester.files.wordpress.com\/2013\/02\/20130224-183039.jpg?w=198\" alt=\"Norbert Holoubeks\" width=\"198\" height=\"300\" class=\"size-medium wp-image-19762\" \/><\/a><p id=\"caption-attachment-19762\" class=\"wp-caption-text\">Norbert Holoubeks<\/p><\/div><br \/>\n<div id=\"attachment_19763\" style=\"width: 208px\" class=\"wp-caption alignright\"><a href=\"http:\/\/literaturgefluester.files.wordpress.com\/2013\/02\/20130224-183211.jpg\"><img loading=\"lazy\" decoding=\"async\" aria-describedby=\"caption-attachment-19763\" src=\"http:\/\/literaturgefluester.files.wordpress.com\/2013\/02\/20130224-183211.jpg?w=198\" alt=\"Bettina Ferbus\" width=\"198\" height=\"300\" class=\"size-medium wp-image-19763\" \/><\/a><p id=\"caption-attachment-19763\" class=\"wp-caption-text\">Bettina Ferbus<\/p><\/div><\/p>\n<p>Die Antr\u00e4ge, die an den zwei Tagen zu erledigen sind, lagen auf einem langen Tisch auf, die Autorensolidarit\u00e4t, der Verlagskatalog und ein &#8220;Wei\u00dfbuch zur  Bedeutung des geistigen Eigentumes f\u00fcr \u00d6sterreichs Kulturschaffende&#8221; lag auf und das war dann gleich das gro\u00dfe Thema, als Gerhard Ruiss die Sitzung er\u00f6ffnete und die Versammlung f\u00fcr beschlu\u00dff\u00e4hig erkl\u00e4rte.<br \/>\nRenate Welsh, die Pr\u00e4sidentin, eine bekannte Kinderbuchautorin, sa\u00df vor mir und l\u00e4chelte mir lieb zu. Und als die Gesch\u00e4ftsf\u00fchrung entlastet wurde und der Rechnungsbericht und die Anwesenheitsliste herum gegangen ist, waren wir auch gleich beim gro\u00dfen Thmema, das in der letzten Woche die Gem\u00fcter erregte.<br \/>\nEigentlich gab es da zwei, der Pferdefleischskandal f\u00fcr eine Autorenversammlung vielleicht nicht so interessant und das ARD-Video, das die schlechten Arbeitsbedingungen die Amazon f\u00fcr seine Leiharbeiter hat und Gerhard Ruiss der wieder von den Einsparungen des Ministeriums und den Leistungen, die die IG-Autoren auf den Messen und f\u00fcr seine Mitglieder hat, berichtete, war wieder beim Urheberrecht, pr\u00e4sentierte das &#8220;Wei\u00dfbuch&#8221; und sagte, da\u00df sich die Lage verglichen zum <a href=\"http:\/\/literaturgefluester.wordpress.com\/2012\/02\/27\/ig-autoren-und-zum-dritten-mal-andere-buchmesse\/\">letzten<\/a> Jahr, leicht verbessert hat, zitierte Julia Schramm, die ihr <a href=\"http:\/\/literaturgefluester.wordpress.com\/2012\/11\/09\/klick-mich\/\">Buch <\/a>ja vom Netz nehmen lie\u00df, obwohl sie vorher der Meinung war, da\u00df es geistiges Eigentum nicht gibt und es gab auch die entsprechenden Antr\u00e4ge zu behandeln.<\/p>\n<p><div id=\"attachment_19764\" style=\"width: 208px\" class=\"wp-caption alignleft\"><a href=\"http:\/\/literaturgefluester.files.wordpress.com\/2013\/02\/20130224-184034.jpg\"><img loading=\"lazy\" decoding=\"async\" aria-describedby=\"caption-attachment-19764\" src=\"http:\/\/literaturgefluester.files.wordpress.com\/2013\/02\/20130224-184034.jpg?w=198\" alt=\"Manuel Dragan\" width=\"198\" height=\"300\" class=\"size-medium wp-image-19764\" \/><\/a><p id=\"caption-attachment-19764\" class=\"wp-caption-text\">Manuel Dragan<\/p><\/div><br \/>\n<div id=\"attachment_19765\" style=\"width: 208px\" class=\"wp-caption alignright\"><a href=\"http:\/\/literaturgefluester.files.wordpress.com\/2013\/02\/20130224-185004.jpg\"><img loading=\"lazy\" decoding=\"async\" aria-describedby=\"caption-attachment-19765\" src=\"http:\/\/literaturgefluester.files.wordpress.com\/2013\/02\/20130224-185004.jpg?w=198\" alt=\"Nina Horvath\" width=\"198\" height=\"300\" class=\"size-medium wp-image-19765\" \/><\/a><p id=\"caption-attachment-19765\" class=\"wp-caption-text\">Nina Horvath<\/p><\/div><\/p>\n<p>&#8220;An der Festplattenabgabe&#8221; f\u00fchrt kein Weg vorbei, lautete der erste und da war im Oktober auch eine <a href=\"http:\/\/literaturgefluester.wordpress.com\/2012\/10\/18\/festplattenabgabedemo\/\">Demonstration<\/a>, Gerhard Ruiss, der Gesch\u00e4ftsf\u00fchrer der IG Autoren berichtete von den Widerst\u00e4nden die die Wirtschaft- die Arbeiterkammer und der Ger\u00e4tehandel, die diese ja eigentlich schon einhebt, aber nicht weitergibt, macht und ich kann von den Emp\u00f6rungen berichten, die ich im Netz gefunden habe, als jemand sein Konto bei Amazon schlie\u00dfen wollte, dabei aber seine E-Books verloren hat.<br \/>\nDie Tatsache, da\u00df man bei <a href=\"http:\/\/literaturgefluester.wordpress.com\/2012\/07\/30\/kehrtwende\/\">Amazon seine selbstgemachten B\u00fccher<\/a> ganz leicht und problemlos einstellen kann und daf\u00fcr siebzig Prozent bekommt, w\u00fcrde ich ja als positiv betrachten, aber das ist vielleicht ein Sonderfall und den IG-Autoren nicht so bekannt, obwohl bei der letzten <a href=\"http:\/\/literaturgefluester.wordpress.com\/2012\/10\/20\/professiones\/\">GAV-GV<\/a> dar\u00fcber berichtet wurde.<br \/>\nEs gab dann noch einen anderen Antrag, die, die &#8220;Buy local Kampagne des Hauptverbandes&#8221; unterst\u00fctzte, aber auch auf die heimische Autorenschaft und die heimischen Verlage hinweist.<br \/>\n&#8220;Buy local&#8221; ist in diesem Fall zwar nicht der richtige Ausdruck, denn wo kann man so kaufen? Nat\u00fcrlich in Amerika und &#8220;Shades of Grey&#8221; vielleicht oder bei Amazon, aber das will man ja verhindern, hat sich aber offenbar so eingeb\u00fcrgert und man sieht die amerikanische Sprache ist sehr m\u00e4chtig und &#8220;Kauf lokal!&#8221; klingt anscheinend nicht so gut.<\/p>\n<p><div id=\"attachment_19766\" style=\"width: 208px\" class=\"wp-caption alignleft\"><a href=\"http:\/\/literaturgefluester.files.wordpress.com\/2013\/02\/20130224-190727.jpg\"><img loading=\"lazy\" decoding=\"async\" aria-describedby=\"caption-attachment-19766\" src=\"http:\/\/literaturgefluester.files.wordpress.com\/2013\/02\/20130224-190727.jpg?w=198\" alt=\"Manuela P. Forst\" width=\"198\" height=\"300\" class=\"size-medium wp-image-19766\" \/><\/a><p id=\"caption-attachment-19766\" class=\"wp-caption-text\">Manuela P. Forst<\/p><\/div><br \/>\n<div id=\"attachment_19767\" style=\"width: 208px\" class=\"wp-caption alignright\"><a href=\"http:\/\/literaturgefluester.files.wordpress.com\/2013\/02\/20130224-192501.jpg\"><img loading=\"lazy\" decoding=\"async\" aria-describedby=\"caption-attachment-19767\" src=\"http:\/\/literaturgefluester.files.wordpress.com\/2013\/02\/20130224-192501.jpg?w=198\" alt=\"Eva Jancak\" width=\"198\" height=\"300\" class=\"size-medium wp-image-19767\" \/><\/a><p id=\"caption-attachment-19767\" class=\"wp-caption-text\">Eva Jancak<\/p><\/div><\/p>\n<p>Dann kam die Mittagspause mit dem ber\u00fchmten W\u00fcrstelbuffet, Frankfurter oder Debreziner, ich hoffe es war kein Pferdefleisch darin, aber das ist mir eigentlich egal und gilt in Wien immer noch als Spezialit\u00e4t und es gibt auch die ber\u00fchmten Peppi-Hacker mit dem Pferdeleberk\u00e4s.<br \/>\nIch habe mich mit Renate Welsh unterhalten, ihr meine B\u00fccher gezeigt, Ludwig Laher zugel\u00e4chelt und bin dann rasch auf einen kurzen Spaziergang auf die Westbahnstra\u00dfe gegangen und habe da offenbar einen g\u00fcnstigen Zeitpunkt erwischt, hat da doch gerade jemand <a href=\"http:\/\/literaturgefluester.wordpress.com\/2013\/01\/30\/die-wurzel-tragt-dich\/\">Milena Michiko Flasars &#8220;Okaasan &#8211; Meine unbekante Mutter&#8221;<\/a> hineingelegt. Gl\u00fcck mu\u00df der Mensch haben, habe ich gerade bei &#8220;Lesewelle&#8221;, die einen \u00e4hnlichen SUB, wie ich haben d\u00fcrfte, kommentiert.<br \/>\nAm Nachmittag ging es dann mit den Antr\u00e4gen weiter, die Zentralmatura war das Thema, wo ja die Literatur, wenn man nicht aufpasst, wegfallen k\u00f6nnte oder der Sch\u00fcler bekommt zwei Seiten aus Arno Geigers &#8220;Der alte K\u00f6nig in seinem Exil&#8221; in die Hand und soll Pflegehelferinnen erkl\u00e4ren, warum sie das Buch lesen sollen?<br \/>\nSo kann Literatur nicht gemacht werden oder vielleicht doch? Ludwig Laher berichtete jedenfalls von seinen Erfolgen bzw. Mi\u00dferfolgen und beim Abschlu\u00dfbuffet unterhielt ich mich mit O.P. Zier, den ich ja vor kurzem in der <a href=\"http:\/\/literaturgefluester.wordpress.com\/2013\/02\/13\/uber-die-unendliche-analyse\/\">Hauptb\u00fccherei <\/a>getroffen habe, mit El AWadalla, die von ihren Texten erz\u00e4hlte, mit denen sie fast gek\u00fcndigt worden war und Ruth Asp\u00f6ck ist von ihren Schiurlaub noch mit den Schi und den Bergschuhen auch noch schnell hereingekommen um ein bi\u00dfchen mitzustimmen. Und J\u00f6rg Waldhauser, ein Kollege aus Tirol, den ich auch nur alle Jahre einmal sehe, hat von einer Lesung in einer Buchhandlug, einem Brief an Bischof Kapellari erz\u00e4hlt und ein Heftchen mit den f\u00fcnfundzwanzig Gedichten, die er dort gelesen hat ausgeteilt.<\/p>\n<p><div id=\"attachment_19768\" style=\"width: 208px\" class=\"wp-caption alignleft\"><a href=\"http:\/\/literaturgefluester.files.wordpress.com\/2013\/02\/20130224-192606.jpg\"><img loading=\"lazy\" decoding=\"async\" aria-describedby=\"caption-attachment-19768\" src=\"http:\/\/literaturgefluester.files.wordpress.com\/2013\/02\/20130224-192606.jpg?w=198\" alt=\"Nicole Kovanda\" width=\"198\" height=\"300\" class=\"size-medium wp-image-19768\" \/><\/a><p id=\"caption-attachment-19768\" class=\"wp-caption-text\">Nicole Kovanda<\/p><\/div><br \/>\n<a href=\"http:\/\/literaturgefluester.files.wordpress.com\/2013\/02\/20130224-203141.jpg\"><img loading=\"lazy\" decoding=\"async\" src=\"http:\/\/literaturgefluester.files.wordpress.com\/2013\/02\/20130224-203141.jpg?w=300\" alt=\"20130224-203141\" width=\"300\" height=\"198\" class=\"alignright size-medium wp-image-19772\" \/><\/a><\/p>\n<p>Am Sonntag gings mit drei kleineren Antr\u00e4gen weiter, die Gerhard Ruiss noch ausgearbeitet hat, der am Schlu\u00df der Versammlung erkl\u00e4rte, was ich schon vom Alfred wu\u00dfte, da\u00df er von Monochrom den Wolfgang Lorenz Internetverhinderungspreis f\u00fcr das &#8220;Wei\u00dfbuch-Kunst hat Recht&#8221; bekommen hat.<br \/>\nDann ging es zum vierten Mal im Anschlu\u00df zur anderen Buchmesse, dieser Initiate von Margit Kr\u00f6ll, Nicole Engbers, dem Verlag Torsten Low u. a. zum anderen Buch, die mich wieder zum Literatur-Slam eingeladen haben, der diesmal am Yppenplatz neun, in einem leeren Kunstraum stattfand.<br \/>\nDas Programm war ungef\u00e4hr gleich, zuerst kamen Nicole Engbers und Margit Kr\u00f6ll mit Kindertexten, die meist aus der Anthologie stammten, Margit Kr\u00f6lls Text, der von einer achtzigj\u00e4hrigen Oma handelte, die zwar noch Rad f\u00e4hrt und ein Radio will, von ihrer Enkelin aber kein &#8220;H\u00e4ndy&#8221; geschenkt haben will und auch mit einem &#8220;Ei-Fon&#8221; nichts anfangen kann, war k\u00f6stlich. Mathias  Meyer-Langenhoff, ein Lehrer aus Niedersachsen war f\u00fcr mich dagegen eine Neuentdeckung. Er las zweimal und zwar aus seinem Buch &#8220;Hagemanns Welt&#8221;, wo es um einen erfolglosen Schriftsteller mit drei pubertierenden T\u00f6chter geht, mit denen er auf Urlaub f\u00e4hrt, Geburtstag feiert, auf einen Schulball mu\u00df, etc.<br \/>\nDann lasen die Vorjahrs Slam Sieger Norbert Holoubek und Daniel Ogris in verteilten Rollen aus Norbert Holoubeks &#8220;Lilo Lustig&#8221;, einen Text aus der Anthologie &#8220;Die vier auf der Br\u00fccke&#8221; und, ich glaube, auch noch was anderes.<\/p>\n<p><div id=\"attachment_19770\" style=\"width: 208px\" class=\"wp-caption alignleft\"><a href=\"http:\/\/literaturgefluester.files.wordpress.com\/2013\/02\/20130224-195436.jpg\"><img loading=\"lazy\" decoding=\"async\" aria-describedby=\"caption-attachment-19770\" src=\"http:\/\/literaturgefluester.files.wordpress.com\/2013\/02\/20130224-195436.jpg?w=198\" alt=\"Paul F\u00fcl\u00f6p\" width=\"198\" height=\"300\" class=\"size-medium wp-image-19770\" \/><\/a><p id=\"caption-attachment-19770\" class=\"wp-caption-text\">Paul F\u00fcl\u00f6p<\/p><\/div><br \/>\n<div id=\"attachment_19773\" style=\"width: 208px\" class=\"wp-caption alignright\"><a href=\"http:\/\/literaturgefluester.files.wordpress.com\/2013\/02\/20130224-205534.jpg\"><img loading=\"lazy\" decoding=\"async\" aria-describedby=\"caption-attachment-19773\" src=\"http:\/\/literaturgefluester.files.wordpress.com\/2013\/02\/20130224-205534.jpg?w=198\" alt=\"Mathias Meyer-Langenhoff\" width=\"198\" height=\"300\" class=\"size-medium wp-image-19773\" \/><\/a><p id=\"caption-attachment-19773\" class=\"wp-caption-text\">Mathias Meyer-Langenhoff<\/p><\/div><\/p>\n<p>Margit Kr\u00f6ll zauberte wieder ein bi\u00dfchen, obwohl es diesmal au\u00dfer Thorsten Lows kleiner Tochter keine Kinder gab, dann kam der Slam f\u00fcnf Frauen und ein Mann, ein Schauspieler, der nat\u00fcrlich wieder gewonnen hat, was mich ein bi\u00dfchen nachdenklich macht, ob es dann noch Sinn macht, bei einem Slam \u00fcberhaupt zu lesen, wenn immer nur die Schauspieler gewinnen, w\u00e4hrend Fantasyprofis wie Nina Horvath und Bettina Ferbus und auch ich, offenbar keine Chance haben?<br \/>\nEs gab diesmal aber auch zwei neue Lesende, eine Schreibtrainerin mit einem Krimigedicht, das ich sehr originell gefunden habe und auch Nina Horvaths Geschichte \u00fcber eine Dichterin, die ihre Seele, um einen Euro dem Teufel verkauft, damit er  ihr Buch verlegt, fand ich durchaus preisw\u00fcrdig.<br \/>\nDer Preistr\u00e4ger hatte Tiergedichte, wo der Reim meiner Meinung nach, manchmal nicht stimmte, ich hab ein St\u00fcck aus <a href=\"http:\/\/literaturgefluester.wordpress.com\/2012\/11\/28\/vorschau-auf-kerstins-achterln\/\">&#8220;Kerstins Achterln&#8221;<\/a> gelesen. Norbert Holoubek interviewte die Lesenden vorher ein bi\u00dfchen und sprach mich auf den Kinderbuchpreis von 1982, lang lang ists her, an.<br \/>\nAm Ende gab Torsten Low den Preistr\u00e4ger bekannt und verteilte an die anderen wieder ein Kuvert mit einem Text aus der Anthologie, w\u00e4hrend der Preistr\u00e4ger die Anthologie bekam und das n\u00e4chste Mal l\u00e4nger lesen darf.<br \/>\nDann folgte Paul F\u00fcl\u00f6p aus Tirol, den ich auch bei der IG getroffen habe, mit seinen sehr lyrischen Texten \u00fcber Gott, die Welt und die Liebe, die er excellent vortrug.<br \/>\nDie Verlagspr\u00e4sentation von Torsten Low war diesmal in das Konzert  der Georg Danzer Cover Band &#8220;Die feinen Leute&#8221; integriert und es war sehr spannend die Wienerlieder gepaart mit der Fantasyliteratur zu h\u00f6ren.<br \/>\nUnd hier gehts zum <a href=\"http:\/\/www.facebook.com\/photo.php?v=4917546094174&amp;set=vb.370591082956020&amp;type=2&amp;theater\">Lesungsausschnitt<\/a> bzw zum Archiv <a href=\"http:\/\/literaturgefluester.wordpress.com\/2009\/02\/22\/generalversammlung-der-ig-autoren\/\">2009<\/a>, <a href=\"http:\/\/literaturgefluester.wordpress.com\/2010\/02\/28\/ig-autoren-und-andere-buchmesse\/\">2010<\/a> <a href=\"http:\/\/literaturgefluester.wordpress.com\/2011\/02\/27\/autorentreffen\/\">2011<\/a><\/p>\n","protected":false},"excerpt":{"rendered":"<p>Am Wochenende wieder Generalversammlung bei den IG-Autoren, was am Samstag ein m\u00f6glichst fr\u00fches Austehen, um in der Badewanne noch Peter Roseis &#8220;Madame Stern&#8221; fertigzulesen und zu besprechen und dann ein Stapfen durch den Schnee bedeutete. Irre ich mich oder wird &hellip; <a href=\"https:\/\/literaturgefluester.akis.site\/?p=19733\">Continue reading <span class=\"meta-nav\">&rarr;<\/span><\/a><\/p>\n","protected":false},"author":2,"featured_media":0,"comment_status":"open","ping_status":"open","sticky":false,"template":"","format":"standard","meta":{"footnotes":""},"categories":[41],"tags":[],"class_list":["post-19733","post","type-post","status-publish","format-standard","hentry","category-uncategorized"],"_links":{"self":[{"href":"https:\/\/literaturgefluester.akis.site\/index.php?rest_route=\/wp\/v2\/posts\/19733","targetHints":{"allow":["GET"]}}],"collection":[{"href":"https:\/\/literaturgefluester.akis.site\/index.php?rest_route=\/wp\/v2\/posts"}],"about":[{"href":"https:\/\/literaturgefluester.akis.site\/index.php?rest_route=\/wp\/v2\/types\/post"}],"author":[{"embeddable":true,"href":"https:\/\/literaturgefluester.akis.site\/index.php?rest_route=\/wp\/v2\/users\/2"}],"replies":[{"embeddable":true,"href":"https:\/\/literaturgefluester.akis.site\/index.php?rest_route=%2Fwp%2Fv2%2Fcomments&post=19733"}],"version-history":[{"count":0,"href":"https:\/\/literaturgefluester.akis.site\/index.php?rest_route=\/wp\/v2\/posts\/19733\/revisions"}],"wp:attachment":[{"href":"https:\/\/literaturgefluester.akis.site\/index.php?rest_route=%2Fwp%2Fv2%2Fmedia&parent=19733"}],"wp:term":[{"taxonomy":"category","embeddable":true,"href":"https:\/\/literaturgefluester.akis.site\/index.php?rest_route=%2Fwp%2Fv2%2Fcategories&post=19733"},{"taxonomy":"post_tag","embeddable":true,"href":"https:\/\/literaturgefluester.akis.site\/index.php?rest_route=%2Fwp%2Fv2%2Ftags&post=19733"}],"curies":[{"name":"wp","href":"https:\/\/api.w.org\/{rel}","templated":true}]}}