{"id":19495,"date":"2013-02-12T00:02:21","date_gmt":"2013-02-11T23:02:21","guid":{"rendered":"http:\/\/literaturgefluester.wordpress.com\/?p=19495"},"modified":"2013-02-12T00:02:21","modified_gmt":"2013-02-11T23:02:21","slug":"briefe-an-die-eltern","status":"publish","type":"post","link":"https:\/\/literaturgefluester.akis.site\/?p=19495","title":{"rendered":"Briefverkehr"},"content":{"rendered":"<p>Normalerweise gehe ich ja nicht zu Veranstaltungen und Pr\u00e4sentationen von B\u00fcchern, die ich schon gelesen habe, zumindestens habe ich das <a href=\"http:\/\/literaturgefluester.wordpress.com\/2013\/02\/05\/deutsche-buchpreistragerin-in-wien\/\">vorige Woche<\/a> Gabriele Madeja bei der Krechel-Lesung so gesagt, aber zwei- bis dreimal gehe ich schon ganz gern in der Woche irgednwo hin und jetzt gibts nicht mehr soviele Alternativen und Martin Roda Becher kennenzulernen, der am Montag sein gemeinsam mit Dieter H\u00e4ner und  Marina Sommer herausgegebenen Briefband seines Vaters <a href=\"http:\/\/literaturgefluester.wordpress.com\/2012\/12\/13\/ich-lebe-in-der-apokalypse\/\">&#8220;Ich lebe in der Apokalypse&#8221; <\/a>vorstellte, war auch sehr interessant, vor allem weil ich  meine ganz pers\u00f6nliche Ulrich Becher Literatur- und Kennenlerngeschichte habe und es da sehr interessant finde, wie man sich, als literarisch interessierte Person an einen Dichter ann\u00e4hern kann. Ich bin \u00fcberzeugt, es sind die Zuf\u00e4lle, die es ausmachen, vor allem bei mir, da ich mich f\u00fcr ziemlich viel interessiere, ein Faible f\u00fcr Namen habe und oft ein Buch danach aussuche, ob ich den Verfasser kenne und manchmal irre ich mich auch dabei und verwechsle etwas.<br \/>\nBei Ulrich Becher habe ich das, glaube ich, gar nicht so sehr gemacht, als ich Anfang der Neunzehnneunzigerjahre <a href=\"http:\/\/literaturgefluester.wordpress.com\/2010\/09\/14\/kurz-nach-4\/\">zwei<\/a> <a href=\"http:\/\/literaturgefluester.wordpress.com\/2012\/07\/22\/nachtigall-will-zum-vater-fliegen\/\">B\u00fccher<\/a> in der zur freien Entnahme Kiste der st\u00e4dtischen B\u00fcchereifiliale Gumpendorferstra\u00dfe fand, da habe ich den Namen Johannes R. Becher gekannt, weil wir einen seiner Gedichtb\u00e4nde doppelt zu Hause hatten und vielleicht auch sonst und dann etwas, was heute nicht mehr m\u00f6glich w\u00e4re, ein Buch ohne  biografische Kenntnisse angelesen und deshalb weggelegt, dabei hatte ich den Bockerer damals sowohl im Kino als auch im Volkstheater gesehen.<br \/>\nInzwischen hat sich das unbekannte Dichterimage gewendet, die &#8220;Murmeljagd&#8221; ist erschienen, ich habe &#8220;Kurz nach 4&#8221; gelesen, das inzwischen wieder aufgelegt wurde und im Sommer, den noch nicht wiederaufgelegten &#8220;Nachtigallenzyklus&#8221;. Konstantin Kaiser hat mir den von der Kramer-Gesellschaft herausgegebenen Briefband geschickt. Christoph Haacker hatte in seiner Neuauflage &#8220;Kurz nach 4&#8221; einen umfangreichen Biografieteil und die Alte Schmiede war, als ich sie nach sieben erreichte, auch sehr voll.<br \/>\nHeinz Lunzer, Nils Jensen und und und habe ich gesehen.<br \/>\nKonstantin Kaiser hat, obwohl er gar nicht im Programm stand, das Buch und Ulrich Becher vorgestellt.<br \/>\nVorher gab es ein paar Einleitungsworte von Kurt Neumann und Martin Roda Becher, der 1944 in New York geborene Sohn hat, die Briefe vorgestellt und ein paar Worte dazu gesagt, die dann von Anja Becher, 1977 in Basel geboren, die wahrscheinlich die Tochter bzw. Enkeltochter ist, gelesen wurden.<br \/>\nKonstantin Kaiser zog in seiner Einleitung nat\u00fcrlich den Bogen von dem Brief des Kindes, das seinen Vater zur Kriegsanleihe riet, bis hin zu den letzten Briefen aus New York, wo Becher schon sehr links bzw. kommunistisch war.<br \/>\nInteressant immer wieder neue Details herauszuh\u00f6ren, obwohl ich die Briefe  schon gelesen und besprochen habe, ein Argument doch zu Lesungen zu gehen, auch wenn man das Buch schon kennt, man erf\u00e4hrt immer wieder Neues und es wurde  auch nur ein Streifzug geboten.<br \/>\nDer Brief aus der Schule, wo der Sohn dem Vater von seinen schwulen bzw. lesbischen Lehrern schreibt, sich keine Sorgen um sein Abitur macht, h\u00f6chstens unsicher ist, ob seine Lehrerinnen mit seinem Literaturverst\u00e4ndnis etwas anfangen k\u00f6nnen. Dann kam der satirische Geburtstagsbrief an den Vater, wo Uli kein Gedicht mehr schickte und dann der, wo die Hochzeit mit Dana Roda mit P.S. P.S angek\u00fcndigt wurde.<br \/>\nDann die wo das politische Geschehen in Graz geschildert und dem Vater von der R\u00fcckkehr nach Deutschland abgeraten wurde, da der Sohn seinen Vater nicht retten wollte, &#8220;denn du kennst ja mein aufbrausendes Temperament!&#8221;<br \/>\nDas wurde auch in der Einleitung erw\u00e4hnt, da\u00df Uli Becher sehr j\u00e4hzornig war und einmal eine Hitler B\u00fcste aus einer Wohnung geschmissen hat.<br \/>\nMit dem letzten Briefm der schon die R\u00fcckkehr in die Schweiz ank\u00fcndigte, endete die Lesung. Ein paar Irrt\u00fcmer hat Konstantin Kaiser auch erw\u00e4hnt, so hielt Becher zuerst nicht viel von Picasso und irgendwo hat er, glaube ich, auch geschrieben, nicht mehr nach Europa bzw. \u00d6sterreich und Deutschland zur\u00fcckkehren zu wollen, was er dann tat, obwoh er in der Schweiz 1990 gestorben ist.<br \/>\nKonstantin Kaiser hatte in der Diskussion  auch einige Bonmonts anzubieten, n\u00e4mlich, da\u00df Becher am 13. M\u00e4rz 1938 \u00d6sterreicher geworden w\u00e4re und als 1953 Stalin starb, traurig \u00fcber den Tod des V\u00e4terchens war. Da waren die Bechers in einer Pension am Graben, in der sie sehr oft abgestiegen subd, erz\u00e4hlte Sohn Martin, der auch erw\u00e4hnte, da\u00df sich sein Vater sehr oft mit seinen Freunden \u00fcber die Politik zerstritten h\u00e4tte und er mit ihm als Kind oft herumreiste.<br \/>\nChristoph Haacker war da, wu\u00dfte einiges zu erz\u00e4hlen und wurde von Martin Roda Becher als einer der Becher Experten gelobt, der mehr \u00fcber ihn, als er selber w\u00fc\u00dfte. Er und Konstantin Kaiser und der Co Herausgeber Dieter H\u00e4ner, neben dem ich gesessen bin.<br \/>\nKonstantin Kaiser erw\u00e4hnte, dann noch eine Diskussion, die am Dienstag im Republikanischen Club mit Martin Roda Becker \u00fcber den &#8220;Bockerer&#8221; stattfinden wird und wies auf den B\u00fcchertisch hin, wo es das Buch verbilligt zu kaufen gab.<\/p>\n","protected":false},"excerpt":{"rendered":"<p>Normalerweise gehe ich ja nicht zu Veranstaltungen und Pr\u00e4sentationen von B\u00fcchern, die ich schon gelesen habe, zumindestens habe ich das vorige Woche Gabriele Madeja bei der Krechel-Lesung so gesagt, aber zwei- bis dreimal gehe ich schon ganz gern in der &hellip; <a href=\"https:\/\/literaturgefluester.akis.site\/?p=19495\">Continue reading <span class=\"meta-nav\">&rarr;<\/span><\/a><\/p>\n","protected":false},"author":2,"featured_media":0,"comment_status":"open","ping_status":"open","sticky":false,"template":"","format":"standard","meta":{"footnotes":""},"categories":[41],"tags":[],"class_list":["post-19495","post","type-post","status-publish","format-standard","hentry","category-uncategorized"],"_links":{"self":[{"href":"https:\/\/literaturgefluester.akis.site\/index.php?rest_route=\/wp\/v2\/posts\/19495","targetHints":{"allow":["GET"]}}],"collection":[{"href":"https:\/\/literaturgefluester.akis.site\/index.php?rest_route=\/wp\/v2\/posts"}],"about":[{"href":"https:\/\/literaturgefluester.akis.site\/index.php?rest_route=\/wp\/v2\/types\/post"}],"author":[{"embeddable":true,"href":"https:\/\/literaturgefluester.akis.site\/index.php?rest_route=\/wp\/v2\/users\/2"}],"replies":[{"embeddable":true,"href":"https:\/\/literaturgefluester.akis.site\/index.php?rest_route=%2Fwp%2Fv2%2Fcomments&post=19495"}],"version-history":[{"count":0,"href":"https:\/\/literaturgefluester.akis.site\/index.php?rest_route=\/wp\/v2\/posts\/19495\/revisions"}],"wp:attachment":[{"href":"https:\/\/literaturgefluester.akis.site\/index.php?rest_route=%2Fwp%2Fv2%2Fmedia&parent=19495"}],"wp:term":[{"taxonomy":"category","embeddable":true,"href":"https:\/\/literaturgefluester.akis.site\/index.php?rest_route=%2Fwp%2Fv2%2Fcategories&post=19495"},{"taxonomy":"post_tag","embeddable":true,"href":"https:\/\/literaturgefluester.akis.site\/index.php?rest_route=%2Fwp%2Fv2%2Ftags&post=19495"}],"curies":[{"name":"wp","href":"https:\/\/api.w.org\/{rel}","templated":true}]}}