{"id":19471,"date":"2013-02-09T14:55:02","date_gmt":"2013-02-09T13:55:02","guid":{"rendered":"http:\/\/literaturgefluester.wordpress.com\/?p=19471"},"modified":"2013-02-09T14:55:02","modified_gmt":"2013-02-09T13:55:02","slug":"zustandsbericht-und-preisgeschehen","status":"publish","type":"post","link":"https:\/\/literaturgefluester.akis.site\/?p=19471","title":{"rendered":"Zustandsbericht und Preisgeschehen"},"content":{"rendered":"<p>Derzeit blogge ich wieder um Tage voraus, lese jeden zweiten Tag ein Buch, gehe zu Veranstaltungen, mache meine Praxis, in den letzten Tagen auch meine Steuererkl\u00e4rung, von der nicht ganz klar war, ob man sie jetzt online machen mu\u00df oder, wie gewohnt h\u00e4ndisch abschicken kann und suche meine Schulzeugnisse f\u00fcr die Pensionsversicherung zusammen, da ich ja im November sechzig werde, da bleibt nicht viel Zeit und Platz f\u00fcr das eigentliche Herz des Literaturgefl\u00fcsters, die ganz pers\u00f6nlichen Literatur- bzw. Schreibberichte.<br \/>\nMit den Letzteren ist es derzeit ein bi\u00dfchen schwierig, korrigiere ich ja, wenn ich dazu komme, am <a href=\"http:\/\/literaturgefluester.wordpress.com\/2012\/11\/05\/nanowrimoschreiben-2012\/\">&#8220;Nanowrimomnovel&#8221;<\/a> und bin da in der Phase, wo ich auf das Fertigwerden warte, aber noch ein paar Wochen bis Monate Fehler um Fehler finde. Bei meinem Blog-oder Korrigierwart Alfred geht auch nicht sehr viel weiter, jetzt hat er mir aber <a href=\"http:\/\/literaturgefluester.wordpress.com\/2012\/11\/28\/vorschau-auf-kerstins-achterln\/\">&#8220;Kerstins Achterl&#8221;<\/a> doch ausgedruckt und zur Endkorrektur \u00fcbergeben, wo ich ja bis Oktober korrigierte und korrigerte und dann bei der Lesung auf <a href=\"http:\/\/literaturgefluester.wordpress.com\/2012\/11\/10\/geburtstagslesung\/\">meinem Geburtstagsfest<\/a> prompt einen Fehler bei der Stelle fand, wo der kleine Hektor mit Kerstin und Susa Dworak Eis essen geht. Diese Szene, dann den Anfang und noch die von der Hochzeit und vielleicht die vom Kindergeburtstag im KHM habe ich am Donnerstag f\u00fcr die Lesung bei den <a href=\"http:\/\/literaturgefluester.wordpress.com\/lesungen\/\">&#8220;Schreibinteressen&#8221;, am 14. 2.<\/a> ausgew\u00e4hlt, die bis jetzt so ziemlich die einzige Lesung ist, die ich heuer haben werde.<br \/>\nHabe ich ja die <a href=\"http:\/\/literaturgefluester.wordpress.com\/2012\/03\/22\/die-mittleren-vi\/\">&#8220;Mittleren&#8221;<\/a> nicht mehr eingereicht, den <a href=\"http:\/\/literaturgefluester.wordpress.com\/2009\/05\/12\/tag-der-freiheit-des-wortes\/\">&#8220;Tag der Freiheit des Wortes&#8221;<\/a> vor einigen Jahren, als die GAV meinte, da\u00df man nur mehr eine Veranstaltung pro Jahr organisieren darf, gegen die &#8220;Mittleren&#8221; eingetauscht, es dann aber satt gehabt, mit den Zetteln herumzulaufen und zu h\u00f6ren, da\u00df die Leute da sicher keine Zeit haben und sich die Eingeladenen nach der Veranstaltung nicht mehr melden. Die <a href=\"http:\/\/literaturgefluester.wordpress.com\/2012\/09\/23\/poet-night-3\/\">Poet Night<\/a> gibt es vielleicht im Herbst noch, da k\u00f6nnte ich dann meinen zweiten Honorarzuschu\u00df beziehen, aber beim <a href=\"http:\/\/literaturgefluester.wordpress.com\/2012\/09\/02\/zum-volksstimmefest\/\">Volksstimmefest<\/a> ist es schon nicht mehr so klar, hat Christoph Kepplinger beim letzten Mal ja angedeutet, da\u00df soviele Leute noch nicht gelesen haben und sich daher nicht immer dieselben melden sollen.<br \/>\nEs gibt eben eine Sperre oder Gitter vor dem Eingang zum Literaturbetrieb, wie auch Eveline Polt-Heinzl bei der <a href=\"http:\/\/literaturgefluester.wordpress.com\/2012\/11\/07\/neue-sicht-auf-die-zwischenkriegsliteratur-und-sechster-nanowrimotag\/\">Kanonverstaltung zur Zwischenkriegsliteratur<\/a> vorigen Herbst in der Wien-Bibliothek feststellte, die sie durch ihr Buch aufbrechen will und durch die scheine ich nicht zu kommen, so viel ich mich auch bem\u00fche und so tut sich derzeit Literarisch bei mir nicht sehr viel, au\u00dfer da\u00df ich meine B\u00fccherberge <a href=\"http:\/\/literaturgefluester.wordpress.com\/2013\/02\/07\/lesegewohnheiten\/\">hinunterlese<\/a>, mich freue, wenn ich mein Lesepensum steigere, schaue, da\u00df ich mit meinen drei <a href=\"http:\/\/literaturgefluester.wordpress.com\/2012\/06\/09\/literaturgefluster-texte-buch\/\">Projekten<\/a> weiterkommen, so da\u00df ich in einem halben Jahr oder so wieder mit was Neuem anfangen kann, aber keine Preise gewinne, zu keinen Lesungen eingeladen werde und auch mit meinen Blog nicht literarisch auffalle, etc.<br \/>\nDas tun dann die anderen, denn der Literaturbetrieb geht weiter und Leipzig naht, die Buchmesse bei der ich h\u00e4ufig mehr oder weniger eifrig bzw. frustriert herumlaufe, weil der Alfred Freunde in Leipzig hat, die uns auf ihren Dachboden schlafen lassen. Heuer werden wir aber nicht fahren, da die WU, wo Alfred arbeitet, in den Prater \u00fcbersiedelt und er zu dieser Zeit nicht wegkann.<br \/>\nDabei w\u00e4re der Leipziger Buchpreis heuer besonders interessant, hat mir der Residenz Verlag ja vor einigen Tagen gemailt, Anna Weidenholzer wurde f\u00fcr die Sparte Belletristik mit <a href=\"http:\/\/literaturgefluester.wordpress.com\/2012\/10\/13\/der-winter-tut-den-fischen-gut\/\">&#8220;Der Winter tut den Fischen gut&#8221;<\/a> nominiert. Und dann noch <a href=\"http:\/\/literaturgefluester.wordpress.com\/2012\/07\/07\/zweiter-lesetag\/\">Lisa Kr\u00e4nzler<\/a>, die beim letzten Bachmannpreis gelesen und, glaube ich, auch gewonnen hat, David Wagner den ich von einem der dBPs kenne und noch zwei B\u00fccher von Autoren, die mir unbekannt sind.<br \/>\nDann gibts in Leipzig noch die Abteilung \u00dcbersetzung und da ist u.a. Alexander Nizberg mit seinem &#8220;Meister und Margarita&#8221; nominiert, das Buch, das ja in der alten \u00dcbersetzung auf meiner <a href=\"http:\/\/literaturgefluester.wordpress.com\/leseliste\/\">Leseliste<\/a> steht und in der Abteilung Sachbuch gibt es eines, das mich auch sehr interessiert, n\u00e4mlich \u00fcber die &#8220;Gruppe 47&#8221;.<br \/>\nDie Preisverleihung kann man sich aber auch via live stream in das Zimmer holen und dann bekomme ich wahrscheinlich viel mehr mit, als wenn ich ganz hinten in der Glashalle stehe oder sitze und die VIPs an mir vor\u00fcbergehen. Denn ich habe ja nicht die Lizenz durch die Gitter durchzugehen und bin ja auch als einsame W\u00f6lfin abseits des Literaturbetriebs konsequent, beharrlich und ein bi\u00dferl deprimiert so weit gekommen, da\u00df ich <a href=\"http:\/\/literaturgefluester.wordpress.com\/2013\/01\/01\/ins-neue-jahr-2\/\">f\u00fcnf Jahre blogge<\/a>, drei\u00dfig B\u00fccher selber machte und mir auch ein ziemliches literarisches Wissen angearbeitet habe, das niemanden interessiert. Franz Blaha hat aber ein paar sch\u00f6ne Ank\u00fcndigungen f\u00fcr die &#8220;Schreibinteressen&#8221; daraus gemacht, die ich mir aufheben werde.<br \/>\nWas den Leipziger Buchpreis betrifft ist vielleicht noch interessant, da\u00df da u.a. Daniela Strigl in der Jury sitzt, die auch Jurorin beim <a href=\"http:\/\/literaturgefluester.wordpress.com\/2013\/02\/01\/literaturpreise-und-inide-probleme\/\">Bremer Literaturpreis<\/a> ist und beim Bachmannlesen, ob sie auch in der des dBp ist wei\u00df ich jetzt nicht und m\u00fc\u00dfte ich nachschauen, man sieht aber, es sind immer dieselben, die beim Preisgeschehen mitmischen, w\u00e4hrend die anderen daneben stehen und \u00fcberbleiben.<br \/>\nDer Alfred hat mir aber als Alternative f\u00fcr Leipzig schon das &#8220;Literatur und Wein Festival&#8221; in Krems angeboten, das im April zum f\u00fcnfzehnten Mal in Stift G\u00f6ttweig stattfindet, zu dem ich aber nie gefahren bin, weil ich bei Veranstaltungen  nicht gerne Eintritt zahlen. Aber diesmal werden wir h\u00f6chstwahrscheinlich auch nicht auf Urlaub fahren, so da\u00df es gut ist, wenn neben der Sommerfrische in Harland ein paar kleinere Highlights dazukommen.<br \/>\nAnna Weidenholzer wird da auch auftreten und die ist auch demn\u00e4chst in der Alten Schmiede und hat, wie ich auf ihrer Homepage sah, jetzt \u00fcberhaupt sehr viel zu tun, weil die Nominierten ja herumgereicht werden und vor Leipzig \u00fcberall auftreten.<br \/>\nInteressant, wer in den verschiedenen Sparten gewinnen wird, ich halte ihr, deren literarischen Aufstieg ich ja von Anfang an mitverfolgen und ihr auch ein kleines Bi\u00dfchen in die GAV helfen konnte, die Daumen, kenne aber keines der anderen B\u00fccher, bin also gespannt.<br \/>\nAnsonsten gibt es im April als n\u00e4chste gr\u00f6\u00dfere Literaturveranstaltung Rauris, wo ich auch noch nie war und nicht eingeladen werde und diesmal Mathias Senkel der Hauptpreistr\u00e4ger ist, der auch beim letzten Bachmannpreis gelesen, aber glaube ich, nicht gewonen hat.<br \/>\nSpannend, spannend, was alles literarisch, um mich herum passiert, w\u00e4hrend ich in der Badewanne meine B\u00fccher lese, die in in den B\u00fccherk\u00e4sten finde, am Abend zu Veranstaltungen gehe und zwischen meinen Stunden am Nanowrimonovel korrigiere.<br \/>\nW.w.w buecher.at versorgt mich ja mit den literarischen Informationen und ich blogge auch gern dar\u00fcber, um mein literarisches Wissen zu archivieren und lese derzeit eher die B\u00fccher, die ich in den letzten Jahren in den Schr\u00e4nken gefunden habe, bzw. in meinen Regalen stehen und nur wenig Neues, weil das mit den Rezensionsexemplaren auch nicht so gut klappt und die entweder mehrmals oder gar nicht kommen und wenn ich dann, &#8220;Leider haben wir da nicht mehr so viel!&#8221;, h\u00f6re, denke ich, da\u00df ich da ja auch drau\u00dfen bleiben, das \u00c4ltere lesen  und auf diese Art und Weise meinen eigenen, unbeachteten Weg, weiter gehen kann, obwohl ich das ein wenig schade finde, den Erfolgreicheren aber alles Gute w\u00fcnsche!<\/p>\n","protected":false},"excerpt":{"rendered":"<p>Derzeit blogge ich wieder um Tage voraus, lese jeden zweiten Tag ein Buch, gehe zu Veranstaltungen, mache meine Praxis, in den letzten Tagen auch meine Steuererkl\u00e4rung, von der nicht ganz klar war, ob man sie jetzt online machen mu\u00df oder, &hellip; <a href=\"https:\/\/literaturgefluester.akis.site\/?p=19471\">Continue reading <span class=\"meta-nav\">&rarr;<\/span><\/a><\/p>\n","protected":false},"author":2,"featured_media":0,"comment_status":"open","ping_status":"open","sticky":false,"template":"","format":"standard","meta":{"footnotes":""},"categories":[41],"tags":[],"class_list":["post-19471","post","type-post","status-publish","format-standard","hentry","category-uncategorized"],"_links":{"self":[{"href":"https:\/\/literaturgefluester.akis.site\/index.php?rest_route=\/wp\/v2\/posts\/19471","targetHints":{"allow":["GET"]}}],"collection":[{"href":"https:\/\/literaturgefluester.akis.site\/index.php?rest_route=\/wp\/v2\/posts"}],"about":[{"href":"https:\/\/literaturgefluester.akis.site\/index.php?rest_route=\/wp\/v2\/types\/post"}],"author":[{"embeddable":true,"href":"https:\/\/literaturgefluester.akis.site\/index.php?rest_route=\/wp\/v2\/users\/2"}],"replies":[{"embeddable":true,"href":"https:\/\/literaturgefluester.akis.site\/index.php?rest_route=%2Fwp%2Fv2%2Fcomments&post=19471"}],"version-history":[{"count":0,"href":"https:\/\/literaturgefluester.akis.site\/index.php?rest_route=\/wp\/v2\/posts\/19471\/revisions"}],"wp:attachment":[{"href":"https:\/\/literaturgefluester.akis.site\/index.php?rest_route=%2Fwp%2Fv2%2Fmedia&parent=19471"}],"wp:term":[{"taxonomy":"category","embeddable":true,"href":"https:\/\/literaturgefluester.akis.site\/index.php?rest_route=%2Fwp%2Fv2%2Fcategories&post=19471"},{"taxonomy":"post_tag","embeddable":true,"href":"https:\/\/literaturgefluester.akis.site\/index.php?rest_route=%2Fwp%2Fv2%2Ftags&post=19471"}],"curies":[{"name":"wp","href":"https:\/\/api.w.org\/{rel}","templated":true}]}}